{"id":258060,"date":"2025-04-01T12:15:21","date_gmt":"2025-04-01T10:15:21","guid":{"rendered":"https:\/\/www.cronacaonline.it\/?p=258060"},"modified":"2025-04-01T12:15:22","modified_gmt":"2025-04-01T10:15:22","slug":"poliambulatorio-di-villasimius-nuovi-orari-sportello-amministrativo","status":"publish","type":"post","link":"https:\/\/www.cronacaonline.it\/index.php\/2025\/04\/01\/poliambulatorio-di-villasimius-nuovi-orari-sportello-amministrativo\/","title":{"rendered":"Poliambulatorio di Villasimius: nuovi orari sportello amministrativo"},"content":{"rendered":"\n<p>Cagliari, 1 Apr 2025 - A partire da oggi,\u00a0lo sportello amministrativo del Poliambulatorio di Villasimius seguir\u00e0 il seguente orario di apertura: dal luned\u00ec al venerd\u00ec dalle ore 8.00 alle ore 12.00.<\/p>\n\n\n\n<p>Presso lo sportello del Poliambulatorio \u00e8 possibile effettuare le seguenti operazioni:&nbsp;prenotazioni Cup, riscossione Ticket, richieste di esenzioni per patologia e reddito, scelta e revoca del medico e del pediatra di libera scelta.<\/p>\n","protected":false},"excerpt":{"rendered":"<p>Cagliari, 1 Apr 2025 &#8211; A partire da oggi,\u00a0lo sportello amministrativo del Poliambulatorio di Villasimius seguir\u00e0 il seguente orario di apertura: dal luned\u00ec al venerd\u00ec&#8230;<\/p>\n","protected":false},"author":2,"featured_media":12682,"comment_status":"closed","ping_status":"open","sticky":false,"template":"","format":"standard","meta":[],"categories":[49,53],"tags":[],"_links":{"self":[{"href":"https:\/\/www.cronacaonline.it\/index.php\/wp-json\/wp\/v2\/posts\/258060"}],"collection":[{"href":"https:\/\/www.cronacaonline.it\/index.php\/wp-json\/wp\/v2\/posts"}],"about":[{"href":"https:\/\/www.cronacaonline.it\/index.php\/wp-json\/wp\/v2\/types\/post"}],"author":[{"embeddable":true,"href":"https:\/\/www.cronacaonline.it\/index.php\/wp-json\/wp\/v2\/users\/2"}],"replies":[{"embeddable":true,"href":"https:\/\/www.cronacaonline.it\/index.php\/wp-json\/wp\/v2\/comments?post=258060"}],"version-history":[{"count":1,"href":"https:\/\/www.cronacaonline.it\/index.php\/wp-json\/wp\/v2\/posts\/258060\/revisions"}],"predecessor-version":[{"id":258061,"href":"https:\/\/www.cronacaonline.it\/index.php\/wp-json\/wp\/v2\/posts\/258060\/revisions\/258061"}],"wp:featuredmedia":[{"embeddable":true,"href":"https:\/\/www.cronacaonline.it\/index.php\/wp-json\/wp\/v2\/media\/12682"}],"wp:attachment":[{"href":"https:\/\/www.cronacaonline.it\/index.php\/wp-json\/wp\/v2\/media?parent=258060"}],"wp:term":[{"taxonomy":"category","embeddable":true,"href":"https:\/\/www.cronacaonline.it\/index.php\/wp-json\/wp\/v2\/categories?post=258060"},{"taxonomy":"post_tag","embeddable":true,"href":"https:\/\/www.cronacaonline.it\/index.php\/wp-json\/wp\/v2\/tags?post=258060"}],"curies":[{"name":"wp","href":"https:\/\/api.w.org\/{rel}","templated":true}]}}