{"id":258005,"date":"2025-03-31T10:57:42","date_gmt":"2025-03-31T08:57:42","guid":{"rendered":"https:\/\/www.cronacaonline.it\/?p=258005"},"modified":"2025-03-31T10:57:43","modified_gmt":"2025-03-31T08:57:43","slug":"cristiano-del-monte-dirige-lorchestra-del-teatro-lirico-il-4-5-aprile-per-la-rassegna-primavera-in-musica-2025-al-teatro-carmen-melis","status":"publish","type":"post","link":"https:\/\/www.cronacaonline.it\/index.php\/2025\/03\/31\/cristiano-del-monte-dirige-lorchestra-del-teatro-lirico-il-4-5-aprile-per-la-rassegna-primavera-in-musica-2025-al-teatro-carmen-melis\/","title":{"rendered":"Cristiano Del Monte dirige l\u2019Orchestra del Teatro Lirico, il 4-5 aprile, per la rassegna \u201cPrimavera in musica 2025\u201d al Teatro Carmen Melis"},"content":{"rendered":"\n<p>Cagliari, 31 Mar 2025 - Venerd\u00ec 4 aprile alle 19 e sabato 5 aprile alle 19, \u00e8 in programma il terzo appuntamento della nuova rassegna musicale \u201cPrimavera in musica 2025\u201d, ideata e realizzata dal Teatro Lirico di Cagliari, che prevede l\u2019esibizione dell\u2019Orchestra del Teatro Lirico, diretta da Cristiano Del Monte (Loano, Savona, 1970) direttore musicale di palcoscenico della Fondazione cagliaritana.<\/p>\n\n\n\n<p>Il programma musicale prevede l\u2019esecuzione di celeberrime pagine quali: Coriolano, ouverture in do minore op. 62 di Ludwig van Beethoven; Sinfonia in Re maggiore n. 35 K. 385 \u201cHaffner\u201d di Wolfgang Amadeus Mozart; Settima Sinfonia in La maggiore op. 92 di Ludwig van Beethoven.<\/p>\n\n\n\n<p>La nuova rassegna musicale \u201cPrimavera in musica 2025\u201d, propone, dal 28 febbraio al 24 maggio, otto serate straordinarie, sempre alle ore 19, di celebre musica classica, con particolare attenzione ai capolavori di Mozart e Beethoven, fino al Novecento di Kod\u00e1ly, Poulenc e Chilcott e alle atmosfere popolari e religiose dei tradizionali spiritual afro-americani.<\/p>\n\n\n\n<p>La rassegna \u00e8 rivolta al pubblico di abbonati, ma anche a quello delle famiglie e dei giovani da sempre molto presente.<\/p>\n\n\n\n<p>Prezzi biglietti: \u20ac 10 (intero), \u20ac 5 (ridotto abbonati, disabili e under 35).<\/p>\n\n\n\n<p>Sono anche previsti 4 spettacoli per le scuole cos\u00ec articolati: mercoled\u00ec 2 aprile e gioved\u00ec 3 aprile alle 11 al Teatro Carmen Melis; luned\u00ec 7 aprile alle 11 alla Scuola Media \u201cUgo Foscolo\u201d di Cagliari e marted\u00ec 8 aprile alle 11 alla Scuola Media \u201cVittorio Alfieri\u201d di Cagliari.<\/p>\n\n\n\n<p>Per informazioni e prenotazioni: Servizio promozione culturale, telefono 0704082326; scuola<a href=\"mailto:attivitagiovani@teatroliricodicagliari.it\">@teatroliricodicagliari.it<\/a>.<\/p>\n\n\n\n<p>La Biglietteria del Teatro Lirico \u00e8 aperta luned\u00ec, marted\u00ec, gioved\u00ec, venerd\u00ec e sabato dalle 9 alle 13, mercoled\u00ec dalle 16 alle 20 e, nei giorni di spettacolo, anche da due ore prima dell\u2019inizio. \u00c8 chiusa, invece, i giorni festivi e i luned\u00ec successivi alle domeniche di spettacolo.<\/p>\n\n\n\n<p>Per informazioni: Biglietteria del Teatro Lirico, via Sant\u2019Alenixedda, 09128 Cagliari, telefono 0704082230 - 0704082249, <a href=\"mailto:biglietteria@teatroliricodicagliari.it;\">biglietteria@teatroliricodicagliari.it<\/a>, <a href=\"http:\/\/www.teatroliricodicagliari.it\/\">www.teatroliricodicagliari.it<\/a>. Il Teatro Lirico di Cagliari si pu\u00f2 seguire anche su Facebook, Twitter, YouTube, Instagram, Linkedin. Biglietteria online: www.vivaticket.com.<\/p>\n\n\n\n<p>La Direzione si riserva di apportare al programma le modifiche che si rendessero necessarie per esigenze tecniche o per cause di forza maggiore. Eventuali modifiche al cartellone saranno indicate nel sito internet del teatro <a href=\"http:\/\/www.teatroliricodicagliari.it\">www.teatroliricodicagliari.it<\/a>. Com<\/p>\n","protected":false},"excerpt":{"rendered":"<p>Cagliari, 31 Mar 2025 &#8211; Venerd\u00ec 4 aprile alle 19 e sabato 5 aprile alle 19, \u00e8 in programma il terzo appuntamento della nuova rassegna&#8230;<\/p>\n","protected":false},"author":2,"featured_media":2172,"comment_status":"closed","ping_status":"open","sticky":false,"template":"","format":"standard","meta":[],"categories":[49,54],"tags":[],"_links":{"self":[{"href":"https:\/\/www.cronacaonline.it\/index.php\/wp-json\/wp\/v2\/posts\/258005"}],"collection":[{"href":"https:\/\/www.cronacaonline.it\/index.php\/wp-json\/wp\/v2\/posts"}],"about":[{"href":"https:\/\/www.cronacaonline.it\/index.php\/wp-json\/wp\/v2\/types\/post"}],"author":[{"embeddable":true,"href":"https:\/\/www.cronacaonline.it\/index.php\/wp-json\/wp\/v2\/users\/2"}],"replies":[{"embeddable":true,"href":"https:\/\/www.cronacaonline.it\/index.php\/wp-json\/wp\/v2\/comments?post=258005"}],"version-history":[{"count":1,"href":"https:\/\/www.cronacaonline.it\/index.php\/wp-json\/wp\/v2\/posts\/258005\/revisions"}],"predecessor-version":[{"id":258006,"href":"https:\/\/www.cronacaonline.it\/index.php\/wp-json\/wp\/v2\/posts\/258005\/revisions\/258006"}],"wp:featuredmedia":[{"embeddable":true,"href":"https:\/\/www.cronacaonline.it\/index.php\/wp-json\/wp\/v2\/media\/2172"}],"wp:attachment":[{"href":"https:\/\/www.cronacaonline.it\/index.php\/wp-json\/wp\/v2\/media?parent=258005"}],"wp:term":[{"taxonomy":"category","embeddable":true,"href":"https:\/\/www.cronacaonline.it\/index.php\/wp-json\/wp\/v2\/categories?post=258005"},{"taxonomy":"post_tag","embeddable":true,"href":"https:\/\/www.cronacaonline.it\/index.php\/wp-json\/wp\/v2\/tags?post=258005"}],"curies":[{"name":"wp","href":"https:\/\/api.w.org\/{rel}","templated":true}]}}