{"id":257906,"date":"2025-03-27T16:54:03","date_gmt":"2025-03-27T15:54:03","guid":{"rendered":"https:\/\/www.cronacaonline.it\/?p=257906"},"modified":"2025-03-27T16:54:06","modified_gmt":"2025-03-27T15:54:06","slug":"a-parigi-i-volenterosi-contro-le-menzogne-dei-russi-e-del-criminale-di-guerra-putin-macron-francia-e-regno-unito-guideranno-la-forza-di-rassicurazione","status":"publish","type":"post","link":"https:\/\/www.cronacaonline.it\/index.php\/2025\/03\/27\/a-parigi-i-volenterosi-contro-le-menzogne-dei-russi-e-del-criminale-di-guerra-putin-macron-francia-e-regno-unito-guideranno-la-forza-di-rassicurazione\/","title":{"rendered":"A Parigi i &#8220;Volenterosi&#8221; contro le menzogne dei russi e del criminale di guerra Putin, Macron: Francia e Regno Unito guideranno la &#8220;forza di rassicurazione&#8221;."},"content":{"rendered":"\n<p>Parigi, 27 Mar 2025 - \u00c8 in corso la conferenza stampa di Emmanuel Macron, a Parigi, al termine della riunione dei leader della \u201cCoalizione dei volenterosi\u201d. Ecco alcune delle affermazioni del presidente francese:<\/p>\n\n\n\n<p>Gli europei sono pi\u00f9 audaci, uniti e determinati di poche settimane fa<\/p>\n\n\n\n<p>L'Europa deve essere pronta nel caso l'America non sia pi\u00f9 al suo fianco: questo significa che dovremo agire da soli<\/p>\n\n\n\n<p>Macron parler\u00e0 nuovamente con Trump nelle prossime ore<\/p>\n\n\n\n<p>\u00c8 \u201cin pianificazione\u201d una \u201cforza di rassicurazione\" per l'Ucraina, operer\u00e0 in \u201caria, terra e mare\u201d, non sar\u00e0 una missione di peacekeeping e non operer\u00e0 sulla linea del fronte, ma coinvolger\u00e0 diversi stati che faranno base in aree strategiche<\/p>\n\n\n\n<p>Non sta alla Russia decidere sulla \"forza di rassicurazione\"<\/p>\n\n\n\n<p>Sulla \u201cforza di rassicurazione\u201d non c'\u00e8 unanimit\u00e0 tra i leader riuniti oggi ma andremo avanti comunque<\/p>\n\n\n\n<p>Francia e Regno Unito hanno mandato di guidare la coalizione<\/p>\n\n\n\n<p>Una delegazione militare anglo-francese sar\u00e0 mandata a lavorare con l'esercito ucraino per pianificare il futuro delle loro forze armate<\/p>\n\n\n\n<p>Mandato ai ministri degli Esteri per formulare entro tre settimane proposte su come monitorare un cessate il fuoco<\/p>\n\n\n\n<p>Le sanzioni alla Russia non saranno rimosse<\/p>\n\n\n\n<p>Manteremo la pressione sulla Russia e sulla sua flotta fantasma<\/p>\n\n\n\n<p>La Russia ha violato il coprifuoco, continua con gli attacchi<\/p>\n\n\n\n<p>Il nostro obiettivo \u00e8 chiaro, raggiungere la pace: per questo ci serve che l'Ucraina sia nella migliore posizione possibile<\/p>\n\n\n\n<p>Continueremo nel breve termine a supportare l'Ucraina e il suo esercito<\/p>\n\n\n\n<p>Molti paesi hanno preso ulteriori impegni militari e finanziari nei confronti di Kiev,<\/p>\n\n\n\n<p>\u201cLa nostra coalizione di partner volenterosi e capaci sta gi\u00e0 funzionando, sia politicamente che militarmente. Sono grato alla Francia, al Regno Unito e a tutte le persone coinvolte per il loro sincero desiderio di aiutarci a costruire una sicurezza duratura. E ora, durante questo incontro, nei prossimi negoziati militari e in tutte le nostre discussioni qui in Europa e con altri partner, in particolare gli Stati Uniti, dobbiamo rispondere ad alcune domande molto specifiche: quali Paesi saranno coinvolti in Ucraina a terra, in aria e in mare? Dove saranno dispiegate queste forze? Quali saranno le dimensioni e la struttura di queste forze? Quali saranno le loro procedure di risposta in caso di minaccia? E quando la nostra coalizione dispiegher\u00e0 effettivamente le forze in Ucraina - quando inizier\u00e0 il cessate il fuoco o quando la guerra sar\u00e0 completamente finita e si raggiunger\u00e0 un accordo? Abbiamo bisogno di un piano chiaro, un piano su cui siamo tutti d'accordo e che inizieremo ad attuare, sulla base delle opzioni e degli sviluppi che sono gi\u00e0 stati discussi con voi e che sono a vostra disposizione. Vorremmo invitare in Ucraina un piccolo gruppo di vostri rappresentanti per sviluppare insieme questo piano\u201d. Cos\u00ec sui social il presidente dell'Ucraina, Volodymyr Zelensky, al termine della riunione dei volenterosi a Parigi.<\/p>\n\n\n\n<p>Il primo ministro britannico Keir Starmer, in una conferenza stampa all'ambasciata britannica di Parigi, ha detto che gli alleati occidentali diversi dagli Stati Uniti saranno pronti a rendere operativo qualsiasi accordo di pace per l'Ucraina. \u201cSaremo pronti a rendere operativo un accordo di pace, qualunque sia la sua forma precisa, e lavoreremo insieme per garantire la sicurezza dell'Ucraina in modo che possa difendersi e fare da deterrente per il futuro\u201d, ha detto Starmer, parlando a una conferenza stampa a Parigi. Starmer ha aggiunto vorrebbe vedere un accordo di pace in Ucraina svilupparsi nel giro di giorni e settimane, piuttosto che di mesi. L'Europa si sta \"mobilitando\" in quanto continente, dentro e fuori i confini dell'Ue, \"come non si vedeva da decenni\", ha inoltre osservato.<\/p>\n\n\n\n<p>Il presidente ucraino Volodymyr Zelenskiy ha detto che le condizioni poste dalla Russia per un cessate il fuoco sul Mar Nero sono \u201cirrealistiche\u201d e che la Russia sta cercando di trascinare i colloqui per accaparrarsi pi\u00f9 terra. &nbsp;Ha inoltre affermato che la revoca delle sanzioni alla Russia in questo momento sarebbe un \u201cdisastro per la diplomazia\u201d.<\/p>\n\n\n\n<p>&nbsp;L'Europa deve trovare un modo per avere una politica comune nei confronti della Russia anche se l'Ungheria non \u00e8 d'accordo, ha detto il primo ministro polacco Donald Tusk dopo una riunione dei leader europei a Parigi. Ha aggiunto che tutti i partecipanti hanno convenuto che l'Europa deve mantenere buone relazioni con gli Stati Uniti.<\/p>\n\n\n\n<p>Il cancelliere tedesco Olaf Scholz ha detto gioved\u00ec che revocare le sanzioni alla Russia in questo momento sarebbe un \u201cgrave errore\u201d. Intervenendo a Parigi a una riunione dei leader europei che sostengono l'Ucraina, Scholz ha detto che \u201cnon ha alcun senso porre fine alle sanzioni fino a quando la pace non sar\u00e0 effettivamente raggiunta\u201d. \u201cPurtroppo siamo ancora molto lontani da questo\u201d, ha aggiunto.<\/p>\n","protected":false},"excerpt":{"rendered":"<p>Parigi, 27 Mar 2025 &#8211; \u00c8 in corso la conferenza stampa di Emmanuel Macron, a Parigi, al termine della riunione dei leader della \u201cCoalizione dei&#8230;<\/p>\n","protected":false},"author":2,"featured_media":257907,"comment_status":"closed","ping_status":"open","sticky":false,"template":"","format":"standard","meta":[],"categories":[49,50],"tags":[],"_links":{"self":[{"href":"https:\/\/www.cronacaonline.it\/index.php\/wp-json\/wp\/v2\/posts\/257906"}],"collection":[{"href":"https:\/\/www.cronacaonline.it\/index.php\/wp-json\/wp\/v2\/posts"}],"about":[{"href":"https:\/\/www.cronacaonline.it\/index.php\/wp-json\/wp\/v2\/types\/post"}],"author":[{"embeddable":true,"href":"https:\/\/www.cronacaonline.it\/index.php\/wp-json\/wp\/v2\/users\/2"}],"replies":[{"embeddable":true,"href":"https:\/\/www.cronacaonline.it\/index.php\/wp-json\/wp\/v2\/comments?post=257906"}],"version-history":[{"count":1,"href":"https:\/\/www.cronacaonline.it\/index.php\/wp-json\/wp\/v2\/posts\/257906\/revisions"}],"predecessor-version":[{"id":257908,"href":"https:\/\/www.cronacaonline.it\/index.php\/wp-json\/wp\/v2\/posts\/257906\/revisions\/257908"}],"wp:featuredmedia":[{"embeddable":true,"href":"https:\/\/www.cronacaonline.it\/index.php\/wp-json\/wp\/v2\/media\/257907"}],"wp:attachment":[{"href":"https:\/\/www.cronacaonline.it\/index.php\/wp-json\/wp\/v2\/media?parent=257906"}],"wp:term":[{"taxonomy":"category","embeddable":true,"href":"https:\/\/www.cronacaonline.it\/index.php\/wp-json\/wp\/v2\/categories?post=257906"},{"taxonomy":"post_tag","embeddable":true,"href":"https:\/\/www.cronacaonline.it\/index.php\/wp-json\/wp\/v2\/tags?post=257906"}],"curies":[{"name":"wp","href":"https:\/\/api.w.org\/{rel}","templated":true}]}}