{"id":257894,"date":"2025-03-27T14:57:34","date_gmt":"2025-03-27T13:57:34","guid":{"rendered":"https:\/\/www.cronacaonline.it\/?p=257894"},"modified":"2025-03-27T14:57:35","modified_gmt":"2025-03-27T13:57:35","slug":"cagliari-accoglie-la-delegazione-cinese-della-provincia-del-fujian","status":"publish","type":"post","link":"https:\/\/www.cronacaonline.it\/index.php\/2025\/03\/27\/cagliari-accoglie-la-delegazione-cinese-della-provincia-del-fujian\/","title":{"rendered":"Cagliari accoglie la delegazione cinese della Provincia del Fujian."},"content":{"rendered":"\n<p>Cagliari, 27 Mar 2025 - Un ulteriore passo nel rafforzamento dei rapporti tra la Sardegna, la citt\u00e0 di Cagliari e la regione cinese \u00e8 stato compiuto questa mattina. Alle 10.30, il sindaco Massimo Zedda ha accolto all\u2019aeroporto Mameli la delegazione cinese della Provincia del Fujian, guidata dal vice Governatore Li Xinghu. La visita istituzionale, segue quella dello scorso febbraio, nel corso della quale la contea di Xiapua ha ospitato la cerimonia ufficiale per la firma di una lettera di intenti tra il primo cittadino e il suo omologo cinese, per un futuro patto di amicizia.<\/p>\n\n\n\n<p>Dopo l\u2019arrivo, la delegazione ha proseguito verso Palazzo Bacaredda, sede del Comune di Cagliari, dove alle 11.30 si \u00e8 tenuto un incontro con la stampa. Oltre al sindaco Zedda, per l'Amministrazione civica erano presenti: Maria Cristina Mancini, vice sindaca e assessora alla Innovazione e accessibilit\u00e0 digitale, Giulia Andreozzi, assessora alla Pubblica istruzione, sostegno allo studio e alla conoscenza, Antonella Marcello, direttrice generale e segretaria generale, e Alessandro Cossa, dirigente comunale. Per la Provincia del Fujian: il vicesegretario generale del Governo provinciale Lin Changyuan, il vicedirettore generale del Dipartimento di Educazione Wang Yang, il direttore della Divisione di Cultura e Educazione dell\u2019Ufficio Generale del Governo Provinciale Luo Cibing, l\u2019ufficiale dell\u2019Ufficio generale del Governo Provinciale Chen Xiang e l\u2019interprete dell\u2019Ufficio degli Affari Esteri Wu Zengyu.<\/p>\n\n\n\n<p>La delegazione cinese ha iniziato il proprio itinerario con una visita istituzionale allo storico Municipio di via Roma n. 145. Qui ha potuto apprezzare la sala dei Matrimoni con il ciclo pittorico di Filippo Figari, la sala del Sindaco con l'arazzo Spierink, le tele di Marghinotti, le altre sale di rappresentanza e numerose opere d'arte, parlando di possibilit\u00e0 di collaborazione culturale e sviluppo economico.<\/p>\n\n\n\n<p>Successivamente, gli ospiti hanno in programma di incontrare la Presidente della Giunta regionale della Sardegna, con il Cagliaricalcio. Nel pomeriggio, la delegazione incontrer\u00e0 invece l'Autorit\u00e0 portuale di Cagliari, e al Rettorato, i rappresentanti dell'Universit\u00e0 cittadina, prima di visitare alcuni luoghi simbolo della capoluogo isolano, tra cui il Bastione di Saint Remy, con l\u2019obiettivo di approfondire la conoscenza del patrimonio culturale sardo.<\/p>\n\n\n\n<p>Nel corso di un punto stampa a Palazzo Bacaredda, il sindaco Massimo Zedda ha sottolineato l\u2019importanza della visita. E l\u2019incontro di questa mattina di gioved\u00ec 27 marzo 2025 con la delegazione della Provincia del Fujian testimonia il \u201cforte interesse reciproco a consolidare i rapporti tra le diverse comunit\u00e0\u201d. Come nel campo delle \u201cconnessioni e collegamenti portuali e aeroportuali\u201c. Ma il pilastro fondamentali per costruire legami duraturi e per favorire la conoscenza reciproca tra popoli e territori cos\u00ec lontani geograficamente, ma vicini nei valori di cooperazione e sviluppo resta la cultura.<\/p>\n\n\n\n<p>Da parte cinese, il vice Governatore Li Xinghu, insieme a tutta la delegazione cinese, ha visibilmente espresso il proprio apprezzamento per l\u2019accoglienza ricevuta, arricchita dall'esibizione di ballo del Gruppo di Villanova con gli abiti della tradizione, con l'accompagnamento musicale delle launeddas di Andrea Piisu e Giancarlo Seu.<\/p>\n\n\n\n<p>La visita della delegazione cinese si inserisce in un pi\u00f9 ampio quadro di relazioni internazionali promosse dalla Regione Sardegna, con l\u2019obiettivo di sviluppare collaborazioni con realt\u00e0 istituzionali, economiche e culturali di rilevanza internazionale. Com<\/p>\n","protected":false},"excerpt":{"rendered":"<p>Cagliari, 27 Mar 2025 &#8211; Un ulteriore passo nel rafforzamento dei rapporti tra la Sardegna, la citt\u00e0 di Cagliari e la regione cinese \u00e8 stato&#8230;<\/p>\n","protected":false},"author":2,"featured_media":257895,"comment_status":"closed","ping_status":"open","sticky":false,"template":"","format":"standard","meta":[],"categories":[49,53],"tags":[],"_links":{"self":[{"href":"https:\/\/www.cronacaonline.it\/index.php\/wp-json\/wp\/v2\/posts\/257894"}],"collection":[{"href":"https:\/\/www.cronacaonline.it\/index.php\/wp-json\/wp\/v2\/posts"}],"about":[{"href":"https:\/\/www.cronacaonline.it\/index.php\/wp-json\/wp\/v2\/types\/post"}],"author":[{"embeddable":true,"href":"https:\/\/www.cronacaonline.it\/index.php\/wp-json\/wp\/v2\/users\/2"}],"replies":[{"embeddable":true,"href":"https:\/\/www.cronacaonline.it\/index.php\/wp-json\/wp\/v2\/comments?post=257894"}],"version-history":[{"count":1,"href":"https:\/\/www.cronacaonline.it\/index.php\/wp-json\/wp\/v2\/posts\/257894\/revisions"}],"predecessor-version":[{"id":257896,"href":"https:\/\/www.cronacaonline.it\/index.php\/wp-json\/wp\/v2\/posts\/257894\/revisions\/257896"}],"wp:featuredmedia":[{"embeddable":true,"href":"https:\/\/www.cronacaonline.it\/index.php\/wp-json\/wp\/v2\/media\/257895"}],"wp:attachment":[{"href":"https:\/\/www.cronacaonline.it\/index.php\/wp-json\/wp\/v2\/media?parent=257894"}],"wp:term":[{"taxonomy":"category","embeddable":true,"href":"https:\/\/www.cronacaonline.it\/index.php\/wp-json\/wp\/v2\/categories?post=257894"},{"taxonomy":"post_tag","embeddable":true,"href":"https:\/\/www.cronacaonline.it\/index.php\/wp-json\/wp\/v2\/tags?post=257894"}],"curies":[{"name":"wp","href":"https:\/\/api.w.org\/{rel}","templated":true}]}}