{"id":257851,"date":"2025-03-26T10:15:33","date_gmt":"2025-03-26T09:15:33","guid":{"rendered":"https:\/\/www.cronacaonline.it\/?p=257851"},"modified":"2025-03-26T10:15:36","modified_gmt":"2025-03-26T09:15:36","slug":"comune-di-cagliari-prosegue-il-progetto-sos-autentiche-in-comune-e-a-domicilio","status":"publish","type":"post","link":"https:\/\/www.cronacaonline.it\/index.php\/2025\/03\/26\/comune-di-cagliari-prosegue-il-progetto-sos-autentiche-in-comune-e-a-domicilio\/","title":{"rendered":"Comune di Cagliari prosegue il progetto SOS autentiche in Comune e a domicilio."},"content":{"rendered":"\n<p>Cagliari, 26 Mar 2025 - Prosegue il progetto \u201cSOS autentiche in Comune e a domicilio\u201d. Ideata e gestita dal Servizio Affari Generali, istituzionali e Gabinetto del Sindaco l'iniziativa si propone di accorciare le distanze tra le cittadine, i cittadini e la pubblica amministrazione.<\/p>\n\n\n\n<p>Coloro che hanno necessit\u00e0 di autenticare sottoscrizioni (istanze e dichiarazioni sostitutive di atto di notoriet\u00e0, quietanze liberatorie, passaggi di propriet\u00e0 beni mobili registrati, deleghe, etc.), possono pertanto accedere al servizio con cadenza settimanale ogni gioved\u00ec, con orario continuato dalle 9 alle 17, presso: sportello dell'Ufficio Protocollo al piano terra del Palazzo Civico di via Roma (ingresso via Crispi n. 2); nel proprio domicilio (in caso di urgenze particolari).<\/p>\n\n\n\n<p>L'attivit\u00e0 \u00e8 la naturale prosecuzione dello&nbsp;\u201cSportello InComune\u201d, operativo dal 2023 sempre nelle giornate di gioved\u00ec e con orario continuato, previa prenotazione al numero verde 800.016058 dell'Urp - Ufficio relazioni con il pubblico o scrivendo all'indirizzo email&nbsp;<a href=\"javascript:window.mailto(%7bmailto:'richieste.urp%40comune.cagliari.it',%20subject:%20''%7d)\">richieste.urp@comune.cagliari.it<\/a>.<\/p>\n","protected":false},"excerpt":{"rendered":"<p>Cagliari, 26 Mar 2025 &#8211; Prosegue il progetto \u201cSOS autentiche in Comune e a domicilio\u201d. Ideata e gestita dal Servizio Affari Generali, istituzionali e Gabinetto&#8230;<\/p>\n","protected":false},"author":2,"featured_media":248667,"comment_status":"closed","ping_status":"open","sticky":false,"template":"","format":"standard","meta":[],"categories":[49,53],"tags":[],"_links":{"self":[{"href":"https:\/\/www.cronacaonline.it\/index.php\/wp-json\/wp\/v2\/posts\/257851"}],"collection":[{"href":"https:\/\/www.cronacaonline.it\/index.php\/wp-json\/wp\/v2\/posts"}],"about":[{"href":"https:\/\/www.cronacaonline.it\/index.php\/wp-json\/wp\/v2\/types\/post"}],"author":[{"embeddable":true,"href":"https:\/\/www.cronacaonline.it\/index.php\/wp-json\/wp\/v2\/users\/2"}],"replies":[{"embeddable":true,"href":"https:\/\/www.cronacaonline.it\/index.php\/wp-json\/wp\/v2\/comments?post=257851"}],"version-history":[{"count":1,"href":"https:\/\/www.cronacaonline.it\/index.php\/wp-json\/wp\/v2\/posts\/257851\/revisions"}],"predecessor-version":[{"id":257852,"href":"https:\/\/www.cronacaonline.it\/index.php\/wp-json\/wp\/v2\/posts\/257851\/revisions\/257852"}],"wp:featuredmedia":[{"embeddable":true,"href":"https:\/\/www.cronacaonline.it\/index.php\/wp-json\/wp\/v2\/media\/248667"}],"wp:attachment":[{"href":"https:\/\/www.cronacaonline.it\/index.php\/wp-json\/wp\/v2\/media?parent=257851"}],"wp:term":[{"taxonomy":"category","embeddable":true,"href":"https:\/\/www.cronacaonline.it\/index.php\/wp-json\/wp\/v2\/categories?post=257851"},{"taxonomy":"post_tag","embeddable":true,"href":"https:\/\/www.cronacaonline.it\/index.php\/wp-json\/wp\/v2\/tags?post=257851"}],"curies":[{"name":"wp","href":"https:\/\/api.w.org\/{rel}","templated":true}]}}