{"id":257806,"date":"2025-03-24T18:18:31","date_gmt":"2025-03-24T17:18:31","guid":{"rendered":"https:\/\/www.cronacaonline.it\/?p=257806"},"modified":"2025-03-24T18:18:36","modified_gmt":"2025-03-24T17:18:36","slug":"le-campionesse-ditalia-indoor-elite-dellamsicora-hockey-in-consiglio-comunale-di-cagliari","status":"publish","type":"post","link":"https:\/\/www.cronacaonline.it\/index.php\/2025\/03\/24\/le-campionesse-ditalia-indoor-elite-dellamsicora-hockey-in-consiglio-comunale-di-cagliari\/","title":{"rendered":"Le campionesse d&#8217;Italia Indoor-Elite dell&#8217;Amsicora hockey in Consiglio comunale di Cagliari."},"content":{"rendered":"\n<p>Cagliari, 24 Mar 2025 - \u201cCampionesse in campo, ed \u00e8 risaputo, ma soprattutto fuori: non scontato, questo, e vale ancora di pi\u00f9 perch\u00e9 \u00e8 riconosciuto a livello nazionale e internazionale. \u00c8 un orgoglio il fatto che portiate in alto il nome della citt\u00e0 anche in questa direzione\u201d. Il sindaco Massimo Zedda \u2013 insieme alla vicesindaca Maria Cristina Mancini, all'assessore allo sport, tempo libero e impiantistica sportiva Giuseppe Macciotta e al presidente del Consiglio comunale Marco Benucci \u2013 ha incontrato le campionesse italiane di hockey Indoor- Elite femminile dell'Amsicora per celebrare insieme lo scudetto conquistato nelle settimane scorse.<\/p>\n\n\n\n<p>\u201cUn successo\u201d, ha continuato il sindaco, \u201cche \u00e8 solo l'ultimo di una lunga serie e che vale ancora di pi\u00f9 se consideriamo che mettere insieme lo studio o il lavoro con l'impegno sportivo \u00e8 ancora pi\u00f9 complicato. Senza dimenticare il ruolo sociale dello sport e della vita di squadra. Come amministrazione siamo impegnati per fare in modo, in un momento in cui si parla tanto di stadio e palazzetto dello sport, che anche discipline come l'hockey, il baseball, il rugby, spesso considerate minori, siano sostenute e possano crescere al pari delle altre\u201d.<\/p>\n\n\n\n<p>\u201cIn questa direzione\u201d, ha confermato l'assessore Macciotta, \u201cstiamo lavorando alla soluzione di un problema annoso per l'hockey indoor, con l'idea di una palestra comunale destinata anche a questa disciplina\u201d.<\/p>\n\n\n\n<p>Nel corso dell'incontro in Aula consiliare, un riconoscimento e un applauso particolare anche a Giaime Carta, capitano dell'Amsicora, votato nella scorsa stagione come miglior giocatore della serie A \u00c9lite maschile della scorsa stagione da allenatori, arbitri e delegati tecnici. Com<\/p>\n","protected":false},"excerpt":{"rendered":"<p>Cagliari, 24 Mar 2025 &#8211; \u201cCampionesse in campo, ed \u00e8 risaputo, ma soprattutto fuori: non scontato, questo, e vale ancora di pi\u00f9 perch\u00e9 \u00e8 riconosciuto&#8230;<\/p>\n","protected":false},"author":2,"featured_media":257807,"comment_status":"closed","ping_status":"open","sticky":false,"template":"","format":"standard","meta":[],"categories":[49,56],"tags":[],"_links":{"self":[{"href":"https:\/\/www.cronacaonline.it\/index.php\/wp-json\/wp\/v2\/posts\/257806"}],"collection":[{"href":"https:\/\/www.cronacaonline.it\/index.php\/wp-json\/wp\/v2\/posts"}],"about":[{"href":"https:\/\/www.cronacaonline.it\/index.php\/wp-json\/wp\/v2\/types\/post"}],"author":[{"embeddable":true,"href":"https:\/\/www.cronacaonline.it\/index.php\/wp-json\/wp\/v2\/users\/2"}],"replies":[{"embeddable":true,"href":"https:\/\/www.cronacaonline.it\/index.php\/wp-json\/wp\/v2\/comments?post=257806"}],"version-history":[{"count":1,"href":"https:\/\/www.cronacaonline.it\/index.php\/wp-json\/wp\/v2\/posts\/257806\/revisions"}],"predecessor-version":[{"id":257808,"href":"https:\/\/www.cronacaonline.it\/index.php\/wp-json\/wp\/v2\/posts\/257806\/revisions\/257808"}],"wp:featuredmedia":[{"embeddable":true,"href":"https:\/\/www.cronacaonline.it\/index.php\/wp-json\/wp\/v2\/media\/257807"}],"wp:attachment":[{"href":"https:\/\/www.cronacaonline.it\/index.php\/wp-json\/wp\/v2\/media?parent=257806"}],"wp:term":[{"taxonomy":"category","embeddable":true,"href":"https:\/\/www.cronacaonline.it\/index.php\/wp-json\/wp\/v2\/categories?post=257806"},{"taxonomy":"post_tag","embeddable":true,"href":"https:\/\/www.cronacaonline.it\/index.php\/wp-json\/wp\/v2\/tags?post=257806"}],"curies":[{"name":"wp","href":"https:\/\/api.w.org\/{rel}","templated":true}]}}