{"id":257777,"date":"2025-03-24T11:01:06","date_gmt":"2025-03-24T10:01:06","guid":{"rendered":"https:\/\/www.cronacaonline.it\/?p=257777"},"modified":"2025-03-24T11:01:10","modified_gmt":"2025-03-24T10:01:10","slug":"laeroporto-di-cagliari-elmas-presenta-il-programma-voli-della-summer-2025-estate-record-con-potenziamento-del-mercato-scandinavo","status":"publish","type":"post","link":"https:\/\/www.cronacaonline.it\/index.php\/2025\/03\/24\/laeroporto-di-cagliari-elmas-presenta-il-programma-voli-della-summer-2025-estate-record-con-potenziamento-del-mercato-scandinavo\/","title":{"rendered":"L\u2019aeroporto di Cagliari Elmas presenta il programma voli della Summer 2025 estate record con potenziamento del mercato scandinavo."},"content":{"rendered":"\n<p>Cagliari, 24 Mar 2025 - Dopo un 2024 che ha visto l\u2019Aeroporto di Cagliari tagliare lo storico traguardo dei 5.000.000 di passeggeri, la stagione estiva 2025 che prender\u00e0 il volo domenica 30 marzo si annuncia come la stagione migliore di sempre, con un\u2019offerta complessiva in crescita di circa il 7% rispetto alla Summer 2024, con oltre 1.400.000 posti offerti sui mercati internazionali. Nella Summer 2025 l\u2019Aeroporto di Cagliari continuer\u00e0 a crescere e offrir\u00e0 109 collegamenti operati da 39 compagnie aeree verso 25 Paesi direttamente collegati. Infatti, saranno 75 i collegamenti di linea (31 nazionali e 44 internazionali) e 34 quelli operati con voli charter.<\/p>\n\n\n\n<p>Anche quest\u2019anno l\u2019Aeroporto di Cagliari consolida la sua strategia di espansione nel mercato scandinavo, estremamente importante per lo sviluppo turistico della Regione Sardegna. Dopo il successo del collegamento con G\u00f6teborg, introdotto nell'estate 2024, la Summer 2025 vedr\u00e0 l'attivazione di due nuove rotte strategiche verso due importanti capitali europee: Stoccolma, operata da Ryanair con due voli settimanali, e Copenhagen, servita da Sas con altrettanti voli. Questo potenziamento del network mira a soddisfare la crescente domanda di collegamenti diretti con la Scandinavia, un mercato con grande potenzialit\u00e0 di sviluppo per la nostra Isola.<\/p>\n\n\n\n<p>L\u2019estate 2025 dell\u2019Aeroporto di Cagliari offrir\u00e0 un programma con oltre 26.000 voli, di seguito alcuni dettagli: il network internazionale vedr\u00e0 la compagnia Ryanair collegare lo scalo cagliaritano con 12 Paesi per un totale di 21 destinazioni, sulle 40 totali operate per la prima volta a Cagliari dal vettore irlandese. Ulteriori novit\u00e0 riguarderanno il potenziamento delle frequenze verso la Gran Bretagna con British Airways EuroFlyer che servir\u00e0 l\u2019aeroporto di Londra Gatwick fino a 10 frequenze settimanali e il vettore Vueling che potenzier\u00e0 di oltre il 20% l\u2019operativo su Barcellona.<\/p>\n\n\n\n<p>Significativo anche il potenziamento della programmazione di Edelweiss sulla rotta Cagliari-Zurigo, che, a seguito del successo della rotta operata per la prima volta durante la stagione invernale 2024\/25, prevede un collegamento giornaliero nei periodi di alta stagione Smartwings potenzier\u00e0 il numero di collegamenti offerti sulla rotta Cagliari-Praga di oltre il 50% rispetto all\u2019estate 2024, arrivando a cinque voli settimanali. In crescita anche Austrian Airlines, che aumenter\u00e0 i collegamenti con Vienna del 25%. Sempre sul fronte internazionale, ci saranno notevoli aumenti di voli da parte di Ryanair verso 1 Porto e Palma di Mallorca (raddoppio dei voli), Budapest (incremento di oltre il 60%) e Poznan (incremento del 35%). Invece Easyjet raddoppier\u00e0 i collegamenti con Lione, mentre Volotea aumenter\u00e0 dell'80% i voli per Marsiglia. Anche sul mercato tedesco, Eurowings potenzier\u00e0 i voli per Stoccarda di oltre il 20%. Infine per quanto riguarda il mercato domestico, le importanti novit\u00e0 riguarderanno l\u2019apertura delle nuove rotte per Pescara operata da Ryanair e Catania servita da Aeroitalia, oltre ad un significativo aumento dei collegamenti in regime di continuit\u00e0 territoriale che vedr\u00e0 il vettore Aeroitalia operare 20 voli al giorno da e per Roma Fiumicino e sino a 16 voli da e per Milano Linate, per un totale di oltre mille voli al mese in continuit\u00e0 territoriale. Per quanto riguarda il mercato dei voli charter, tra i 34 collegamenti totali che verranno operati nella Summer \u201925, le principali novit\u00e0 riguarderanno il vettore Lot la compagnia di bandiera polacca, che operer\u00e0 sull\u2019aeroporto di Varsavia e Sky Alps che amplier\u00e0 il proprio network operando su Innsbruck. Confermati inoltre i collegamenti di Tunisair verso la Tunisia e di People's Viennaline su Altenrhein in Svizzera.<\/p>\n\n\n\n<p>Di seguito le principali destinazioni che saranno servite con voli charter: Milano Malpensa, Parigi Charles De Gaulle, Stoccolma Arlanda, Oslo, Bergamo, Lourdes, Lyon, Timisoara, Verona, Parigi Orly, Spalato, Francoforte, Varsavia, Innsbruck, Atene, Amburgo, Altenrhein, Sharm El Sheikh, Nantes, Munster e Tunisi. Com<\/p>\n","protected":false},"excerpt":{"rendered":"<p>Cagliari, 24 Mar 2025 &#8211; Dopo un 2024 che ha visto l\u2019Aeroporto di Cagliari tagliare lo storico traguardo dei 5.000.000 di passeggeri, la stagione estiva&#8230;<\/p>\n","protected":false},"author":2,"featured_media":257778,"comment_status":"closed","ping_status":"open","sticky":false,"template":"","format":"standard","meta":[],"categories":[49,53],"tags":[],"_links":{"self":[{"href":"https:\/\/www.cronacaonline.it\/index.php\/wp-json\/wp\/v2\/posts\/257777"}],"collection":[{"href":"https:\/\/www.cronacaonline.it\/index.php\/wp-json\/wp\/v2\/posts"}],"about":[{"href":"https:\/\/www.cronacaonline.it\/index.php\/wp-json\/wp\/v2\/types\/post"}],"author":[{"embeddable":true,"href":"https:\/\/www.cronacaonline.it\/index.php\/wp-json\/wp\/v2\/users\/2"}],"replies":[{"embeddable":true,"href":"https:\/\/www.cronacaonline.it\/index.php\/wp-json\/wp\/v2\/comments?post=257777"}],"version-history":[{"count":1,"href":"https:\/\/www.cronacaonline.it\/index.php\/wp-json\/wp\/v2\/posts\/257777\/revisions"}],"predecessor-version":[{"id":257779,"href":"https:\/\/www.cronacaonline.it\/index.php\/wp-json\/wp\/v2\/posts\/257777\/revisions\/257779"}],"wp:featuredmedia":[{"embeddable":true,"href":"https:\/\/www.cronacaonline.it\/index.php\/wp-json\/wp\/v2\/media\/257778"}],"wp:attachment":[{"href":"https:\/\/www.cronacaonline.it\/index.php\/wp-json\/wp\/v2\/media?parent=257777"}],"wp:term":[{"taxonomy":"category","embeddable":true,"href":"https:\/\/www.cronacaonline.it\/index.php\/wp-json\/wp\/v2\/categories?post=257777"},{"taxonomy":"post_tag","embeddable":true,"href":"https:\/\/www.cronacaonline.it\/index.php\/wp-json\/wp\/v2\/tags?post=257777"}],"curies":[{"name":"wp","href":"https:\/\/api.w.org\/{rel}","templated":true}]}}