{"id":257773,"date":"2025-03-24T09:01:37","date_gmt":"2025-03-24T08:01:37","guid":{"rendered":"https:\/\/www.cronacaonline.it\/?p=257773"},"modified":"2025-03-24T09:01:39","modified_gmt":"2025-03-24T08:01:39","slug":"concluse-ieri-in-seconda-convocazione-le-votazioni-per-il-rinnovo-del-consiglio-nazionale-e-del-consiglio-regionale-dellordine-dei-giornalisti","status":"publish","type":"post","link":"https:\/\/www.cronacaonline.it\/index.php\/2025\/03\/24\/concluse-ieri-in-seconda-convocazione-le-votazioni-per-il-rinnovo-del-consiglio-nazionale-e-del-consiglio-regionale-dellordine-dei-giornalisti\/","title":{"rendered":"Concluse ieri, in seconda convocazione, le votazioni per il rinnovo del Consiglio nazionale e del Consiglio regionale dell\u2019Ordine dei giornalisti."},"content":{"rendered":"\n<p>Cagliari, 24 Mar 2024 - Si sono svolte ieri, in seconda convocazione, le votazioni per il rinnovo del Consiglio nazionale e del Consiglio regionale dell\u2019Ordine dei giornalisti.<\/p>\n\n\n\n<p>Per il Consiglio nazionale sono stati eletti Francesco Birocchi (professionista) e Giuseppe Murru (pubblicista).<\/p>\n\n\n\n<p>Per il Consiglio regionale sono stati eletti: per i professionisti: Giuseppe Meloni, Francesca Zoccheddu, Paolo Mastino e Antonella Brianda.<\/p>\n\n\n\n<p>Per i rimanenti due posti in Consiglio vanno al ballottaggio Rachele Fadda, Roberto Sanna, Giorgio Fresu e Sergio Nuvoli.<\/p>\n\n\n\n<p>Per i pubblicisti sono stati eletti: Simona Scioni, Daniela Paba e Federico Marini.<\/p>\n\n\n\n<p>Per il Collegio regionale dei Revisori dei conti professionisti sono stati eletti Antonio Masala e Pietro Masala.<\/p>\n\n\n\n<p>Per il Collegio regionale dei Revisori dei conti pubblicisti sono stati ammessi al ballottaggio Giovanni Di Grezia e Giuseppe Murru.<\/p>\n\n\n\n<p>Il numero dei voti riportati da ciascun iscritto saranno pubblicati sul sito dell\u2019Ordine dei giornalisti della Sardegna.<\/p>\n\n\n\n<p>La votazione di ballottaggio si svolger\u00e0: mercoled\u00ec 2 aprile e gioved\u00ec 3 aprile 2025 dalle ore 10.00 alle ore 20.00, con voto telematico; domenica 6 aprile 2025 dalle ore 10.00 alle ore 18.00, con voto in presenza.<\/p>\n\n\n\n<p>L\u2019accesso all\u2019area web per esprimere il voto avverr\u00e0 unicamente attraverso i sistemi di identificazione digitale pubblici, mediante utilizzo di SPID o CIE (carta d\u2019identit\u00e0 elettronica). L\u2019URL per accedere alla cabina elettorale virtuale, sar\u00e0 pubblicato nella sezione \u201cSpeciale elezioni 2025\" nel sito<a href=\"http:\/\/www.odg.it\/\" target=\"_blank\" rel=\"noreferrer noopener\">&nbsp;www.odg.it<\/a>.<\/p>\n\n\n\n<p>La votazione in presenza si svolger\u00e0 nei seggi allestiti a Cagliari presso la sede dell\u2019Ordine in via Barone Rossi, 29 e a Sassari presso l\u2019Hotel \u201cCarlo Felice\u201d, in via Carlo Felice, 43.<\/p>\n\n\n\n<p>Avranno diritto al voto tutti i giornalisti in possesso di indirizzo PEC ed in regola con il pagamento delle quote per l\u2019anno in corso.<\/p>\n\n\n\n<p>Tutte le informazioni sulla procedura della votazione in modalit\u00e0 telematica sono comunque pubblicate nella sezione \u201cSpeciale elezioni 2025\u201d del sito nazionale dell\u2019Ordine. Com<\/p>\n","protected":false},"excerpt":{"rendered":"<p>Cagliari, 24 Mar 2024 &#8211; Si sono svolte ieri, in seconda convocazione, le votazioni per il rinnovo del Consiglio nazionale e del Consiglio regionale dell\u2019Ordine&#8230;<\/p>\n","protected":false},"author":2,"featured_media":0,"comment_status":"closed","ping_status":"open","sticky":false,"template":"","format":"standard","meta":[],"categories":[49,53],"tags":[],"_links":{"self":[{"href":"https:\/\/www.cronacaonline.it\/index.php\/wp-json\/wp\/v2\/posts\/257773"}],"collection":[{"href":"https:\/\/www.cronacaonline.it\/index.php\/wp-json\/wp\/v2\/posts"}],"about":[{"href":"https:\/\/www.cronacaonline.it\/index.php\/wp-json\/wp\/v2\/types\/post"}],"author":[{"embeddable":true,"href":"https:\/\/www.cronacaonline.it\/index.php\/wp-json\/wp\/v2\/users\/2"}],"replies":[{"embeddable":true,"href":"https:\/\/www.cronacaonline.it\/index.php\/wp-json\/wp\/v2\/comments?post=257773"}],"version-history":[{"count":1,"href":"https:\/\/www.cronacaonline.it\/index.php\/wp-json\/wp\/v2\/posts\/257773\/revisions"}],"predecessor-version":[{"id":257774,"href":"https:\/\/www.cronacaonline.it\/index.php\/wp-json\/wp\/v2\/posts\/257773\/revisions\/257774"}],"wp:attachment":[{"href":"https:\/\/www.cronacaonline.it\/index.php\/wp-json\/wp\/v2\/media?parent=257773"}],"wp:term":[{"taxonomy":"category","embeddable":true,"href":"https:\/\/www.cronacaonline.it\/index.php\/wp-json\/wp\/v2\/categories?post=257773"},{"taxonomy":"post_tag","embeddable":true,"href":"https:\/\/www.cronacaonline.it\/index.php\/wp-json\/wp\/v2\/tags?post=257773"}],"curies":[{"name":"wp","href":"https:\/\/api.w.org\/{rel}","templated":true}]}}