{"id":257745,"date":"2025-03-23T09:33:33","date_gmt":"2025-03-23T08:33:33","guid":{"rendered":"https:\/\/www.cronacaonline.it\/?p=257745"},"modified":"2025-03-23T09:33:36","modified_gmt":"2025-03-23T08:33:36","slug":"la-grande-notizia-di-oggi-e-che-il-mondo-aspetta-il-santo-padre-papa-francesco-viene-dimesso-questa-mattina-ma-prima-si-affaccera-dal-gemelli-poi-a-casa","status":"publish","type":"post","link":"https:\/\/www.cronacaonline.it\/index.php\/2025\/03\/23\/la-grande-notizia-di-oggi-e-che-il-mondo-aspetta-il-santo-padre-papa-francesco-viene-dimesso-questa-mattina-ma-prima-si-affaccera-dal-gemelli-poi-a-casa\/","title":{"rendered":"La grande notizia di oggi e che il mondo aspetta il Santo Padre: Papa Francesco viene dimesso questa mattina ma prima si affaccer\u00e0 dal Gemelli, poi a casa."},"content":{"rendered":"\n<p>Roma, 23 Mar 2025 \u2013 Questa mattina Papa Francesco sar\u00e0 di messo dall\u2019ospedale Gemelli di Roma dopo quasi due mesi di ricovero.<\/p>\n\n\n\n<p>\u201cLa buona notizia che tutto il mondo aspetta: oggi, infatti, il Santo Padre viene dimesso, torna a Santa Marta\u201d: a dare l'annuncio \u00e8 il professore&nbsp;Sergio Alfieri&nbsp;durante il briefing con la stampa dal Policlinico Gemelli.<\/p>\n\n\n\n<p>I medici nel corso del punto stampa hanno precisato che il Pontefice \u201cda giorni chiedeva di tornare a casa\u201d. Il professor Alfieri ha precisato che \u201cserve tempo per eliminare infezione polimicrobica\u201d.<\/p>\n\n\n\n<p>Il recupero della parola \u201csperiamo sia in tempi brevi\u201d. Cos\u00ec il referente medico di Santa Marta,&nbsp;Luigi Carbone,&nbsp;durante il briefing medico al Gemelli. Carbone ha precisato che&nbsp;non ci sono \u201cpaure\u201d&nbsp;ma per il Papa, paziente di 88 anni,&nbsp;ci potrebbero essere delle \u201criacutizzazioni\u201d. I medici hanno anche precisato che il Pontefice&nbsp;non ha avuto il Covid,&nbsp;non ha diabete&nbsp;e che&nbsp;\u00e8 stato un paziente esemplare, ha accettato consigli medici.<\/p>\n\n\n\n<p>\"La notizia delle dimissioni del Santo Padre dal Policlinico Gemelli ci riempie di gioia. In queste settimane lo abbiamo accompagnato con la preghiera e continueremo a sostenerlo cos\u00ec come \u00e8 accaduto nei dodici anni di Pontificato\". Cos\u00ec il cardinale Matteo Zuppi, arcivescovo di Bologna e presidente della Cei, in merito alle dimissioni di Bergoglio dall'ospedale previste per domani.<\/p>\n\n\n\n<p>\"Nei pazienti anziani con una polmonite bilaterale, come quella che ha colpito il Papa, \u00e8 corretta una dimissione dall'ospedale anche se la situazione dell'infezione non \u00e8 completamente risolta. Infatti nel Santo Padre - come spiegato bene dai medici - sono presenti ancora miceti, la polmonite prima di 'sparire' ha bisogno di molto tempo, anche mesi. Ora per\u00f2 inizia la convalescenza a Santa Marta che deve essere molto rigorosa, il Papa non deve affaticarsi e deve essere bravo nella riabilitazione come ha dimostrato fino ad oggi. Gli auguro di rimettersi presto\". Lo ha spiegato all'Adnkronos Massimo Andreoni, direttore scientifico della Simit, Societ\u00e0 italiana malattie infettive e tropicali.<\/p>\n\n\n\n<p>La visita programmata di re Carlo III e della regina Camilla per incontrare papa Francesco si svolger\u00e0 nonostante il ricovero del Pontefice. Lo ha confermato Buckingham Palace, secondo cui il miglioramento delle condizioni del Papa implica che l'incontro con i monarchi britannici avr\u00e0 luogo all'inizio di aprile a Roma, per celebrare il Giubileo papale e i rapporti tra la Chiesa cattolica e la Chiesa d'Inghilterra. Una fonte di Buckingham Palace ha dichiarato in una nota che la famiglia reale britannica \"confida e prega affinch\u00e9 la salute di Papa Francesco consenta lo svolgimento della visita\".<\/p>\n\n\n\n<p>\"Martedi' 8 aprile, e chiaramente a seconda delle condizioni di salute di Papa Francesco, le Loro Maest\u00e0 visiteranno la Santa Sede per unirsi a Francesco nella celebrazione del Giubileo del 2025\", ha osservato il portavoce.<\/p>\n\n\n\n<p>Il viaggio \u00e8 previsto dal 7 al 10 aprile e comprender\u00e0 visite a Roma e Ravenna, oltre che alla Santa Sede. L'ordine del giorno prevede \"un'udienza del Re e della Regina con Papa Francesco e la partecipazione a una funzione nella Cappella Sistina, incentrata sul tema della 'cura del creato', che riflette l'impegno di lunga data di Papa Francesco e di Sua Maest\u00e0 nei confronti della natura\".<\/p>\n\n\n\n<p>Con questo viaggio, Carlo, che incontr\u00f2 il pontefice argentino quando era ancora principe di Galles, diventer\u00e0 il primo monarca britannico a visitare la Basilica papale di San Paolo fuori le Mura dopo la Riforma e parler\u00e0 anche al Parlamento italiano. Il viaggio era stato annunciato appena una settimana prima del ricovero del Papa, avvenuto pi\u00f9 di un mese fa.<\/p>\n","protected":false},"excerpt":{"rendered":"<p>Roma, 23 Mar 2025 \u2013 Questa mattina Papa Francesco sar\u00e0 di messo dall\u2019ospedale Gemelli di Roma dopo quasi due mesi di ricovero. \u201cLa buona notizia&#8230;<\/p>\n","protected":false},"author":2,"featured_media":257746,"comment_status":"closed","ping_status":"open","sticky":false,"template":"","format":"standard","meta":[],"categories":[49,50],"tags":[],"_links":{"self":[{"href":"https:\/\/www.cronacaonline.it\/index.php\/wp-json\/wp\/v2\/posts\/257745"}],"collection":[{"href":"https:\/\/www.cronacaonline.it\/index.php\/wp-json\/wp\/v2\/posts"}],"about":[{"href":"https:\/\/www.cronacaonline.it\/index.php\/wp-json\/wp\/v2\/types\/post"}],"author":[{"embeddable":true,"href":"https:\/\/www.cronacaonline.it\/index.php\/wp-json\/wp\/v2\/users\/2"}],"replies":[{"embeddable":true,"href":"https:\/\/www.cronacaonline.it\/index.php\/wp-json\/wp\/v2\/comments?post=257745"}],"version-history":[{"count":1,"href":"https:\/\/www.cronacaonline.it\/index.php\/wp-json\/wp\/v2\/posts\/257745\/revisions"}],"predecessor-version":[{"id":257747,"href":"https:\/\/www.cronacaonline.it\/index.php\/wp-json\/wp\/v2\/posts\/257745\/revisions\/257747"}],"wp:featuredmedia":[{"embeddable":true,"href":"https:\/\/www.cronacaonline.it\/index.php\/wp-json\/wp\/v2\/media\/257746"}],"wp:attachment":[{"href":"https:\/\/www.cronacaonline.it\/index.php\/wp-json\/wp\/v2\/media?parent=257745"}],"wp:term":[{"taxonomy":"category","embeddable":true,"href":"https:\/\/www.cronacaonline.it\/index.php\/wp-json\/wp\/v2\/categories?post=257745"},{"taxonomy":"post_tag","embeddable":true,"href":"https:\/\/www.cronacaonline.it\/index.php\/wp-json\/wp\/v2\/tags?post=257745"}],"curies":[{"name":"wp","href":"https:\/\/api.w.org\/{rel}","templated":true}]}}