{"id":257550,"date":"2025-03-18T15:08:23","date_gmt":"2025-03-18T14:08:23","guid":{"rendered":"https:\/\/www.cronacaonline.it\/?p=257550"},"modified":"2025-03-18T15:08:25","modified_gmt":"2025-03-18T14:08:25","slug":"il-mercato-provvisorio-di-piazza-nazzari-a-cagliari-ha-aperto-le-porte-sostituisce-momentaneamente-il-mercato-in-via-di-ristrutturazione-dellantico-s-benedetto","status":"publish","type":"post","link":"https:\/\/www.cronacaonline.it\/index.php\/2025\/03\/18\/il-mercato-provvisorio-di-piazza-nazzari-a-cagliari-ha-aperto-le-porte-sostituisce-momentaneamente-il-mercato-in-via-di-ristrutturazione-dellantico-s-benedetto\/","title":{"rendered":"Il Mercato provvisorio di piazza Nazzari a Cagliari ha aperto le porte. Sostituisce momentaneamente il mercato in via di ristrutturazione dell\u2019antico S.Benedetto."},"content":{"rendered":"\n<p>Cagliari, 18 Mar 2025 - L'Amministrazione comunale c\u2019\u00e8. La priorit\u00e0 \u00e8 quella di assicurare il massimo impegno per ridurre i disagi e sostenere operatori, cittadine e cittadini in questa transizione. Con il sindaco Massimo Zedda e l'assessore Carlo Serra, in tanti hanno affollato stamani il Mercato provvisorio di piazza Amedeo Nazzari, segnando l\u2019inizio di una nuova fase per il commercio cittadino. Per i prossimi 2 anni, questa struttura temporanea accoglier\u00e0 circa 170 attivit\u00e0, garantendo la contiguit\u00e0 del servizio, mentre lo storico Mercato di San Benedetto viene sottoposto a un\u2019importante opera di ristrutturazione e valorizzazione.<\/p>\n\n\n\n<p>Il trasferimento \u00e8 stato un passaggio complesso. Un passaggio vissuto con grande partecipazione da parte della comunit\u00e0. Il Mercato di San Benedetto \u00e8 infatti un punto di riferimento non solo commerciale, ma anche sociale, culturale e turistico per Cagliari e la sua riqualificazione rappresenta un\u2019opportunit\u00e0 per proiettarlo nel futuro, senza tradirne l\u2019identit\u00e0.<\/p>\n\n\n\n<p>\u201cIn attesa dei lavori necessari per preservare e rilanciare il Mercato di San Benedetto\u201d, ha annunciato ufficialmente il sindaco Massimo Zedda, \u201cda questa mattina il Mercato provvisorio in via Santa Alenixedda, a fianco al Teatro Lirico, sar\u00e0 aperto tutti i giorni\u201d, dal luned\u00ec al venerd\u00ec, dalle 7 alle 14, e il sabato sempre dalle 7, ma sino alle 15. E \u201cal di l\u00e0 della struttura che lo accoglie, anche qui ci sono gli stessi volti, la stessa professionalit\u00e0 e gli stessi eccezionali prodotti del Mercato di San Benedetto\u201d, ha puntualizzato Zedda.<\/p>\n\n\n\n<p>Accessibile, anche per le persone con disabilit\u00e0, da via Sant\u2019Alenixedda, da via Bacaredda e da via Cao di San Marco, su una superficie coperta di circa 4mila metri quadrati (2.700 per la vendita), nel mercato provvisorio di piazza Nazzari trovano spazio circa 170 attivit\u00e0 commerciali, dalla macelleria alla frutta e verdura, dalla panetteria ai dolciumi, dalla salumeria e formaggeria, all'enoteca, alla pescheria, bar e, tra le altre servizi veterinari. Oltre 170 sono anche i nuovi posti auto a disposizione di tutti nel parcheggio sottostante, in quelli a spina di pesce in via Sant\u2019Alenixedda e nella vicina piazza Giovanni XXIII, nell\u2019anello esterno del Mercato San Benedetto e nei multipiani di via Manzoni e via Sant\u2019Alenixedda.<\/p>\n\n\n\n<p>\u201cSiamo molto contenti della riapertura di oggi. Abbiamo rispettato il termine che avevamo concordato con i concessionari, il Mercato \u00e8 operativo ed \u00e8 pronto ad accogliere i cittadini che pazientemente hanno atteso queste due settimane di chiusura necessarie per il trasferimento\u201d, ha aggiunto Carlo Serra. \u201cSar\u00e0 sempre la stessa esperienza del Mercato di San Benedetto \u201c, ha ribadito anche l\u2019assessore allo Sviluppo economico e settori produttivi, perch\u00e9 \u201cl'accoglienza e la qualit\u00e0 dei prodotti sar\u00e0 sempre la stessa\u201d.<\/p>\n\n\n\n<p>L\u2019apertura del Mercato provvisorio di piazza Nazzari \u00e8 il risultato di un lavoro di squadra. Interamente progettata dai servizi comunali, che ne hanno anche coordinato i lavori per la sua realizzazione durante i quali i concessionari hanno dimostrato grande disponibilit\u00e0, il Mercato provvisorio di piazza Nazzari \u00e8 caratterizzato prevalentemente da una struttura metallica modulare e non ha saldature. Perci\u00f2, pu\u00f2 facilmente smontata e riutilizzata in altri contesti.<\/p>\n\n\n\n<p>Con l\u2019inaugurazione del Mercato provvisorio di piazza Nazzari si apre dunque una nuova fase per il commercio cittadino, con la promessa di un ritorno a San Benedetto in una struttura pi\u00f9 moderna, funzionale e all\u2019altezza delle aspettative della comunit\u00e0 e dei concessionari. Nel frattempo, il cuore pulsante del commercio cagliaritano continua a battere, forte dell\u2019impegno e della passione di chi ogni giorno lavora per offrire qualit\u00e0 e tradizione alle cittadine, ai cittadini e ai tanti visitatori e turisti.<\/p>\n","protected":false},"excerpt":{"rendered":"<p>Cagliari, 18 Mar 2025 &#8211; L&#8217;Amministrazione comunale c\u2019\u00e8. La priorit\u00e0 \u00e8 quella di assicurare il massimo impegno per ridurre i disagi e sostenere operatori, cittadine&#8230;<\/p>\n","protected":false},"author":2,"featured_media":257551,"comment_status":"closed","ping_status":"open","sticky":false,"template":"","format":"standard","meta":[],"categories":[49,53],"tags":[],"_links":{"self":[{"href":"https:\/\/www.cronacaonline.it\/index.php\/wp-json\/wp\/v2\/posts\/257550"}],"collection":[{"href":"https:\/\/www.cronacaonline.it\/index.php\/wp-json\/wp\/v2\/posts"}],"about":[{"href":"https:\/\/www.cronacaonline.it\/index.php\/wp-json\/wp\/v2\/types\/post"}],"author":[{"embeddable":true,"href":"https:\/\/www.cronacaonline.it\/index.php\/wp-json\/wp\/v2\/users\/2"}],"replies":[{"embeddable":true,"href":"https:\/\/www.cronacaonline.it\/index.php\/wp-json\/wp\/v2\/comments?post=257550"}],"version-history":[{"count":1,"href":"https:\/\/www.cronacaonline.it\/index.php\/wp-json\/wp\/v2\/posts\/257550\/revisions"}],"predecessor-version":[{"id":257552,"href":"https:\/\/www.cronacaonline.it\/index.php\/wp-json\/wp\/v2\/posts\/257550\/revisions\/257552"}],"wp:featuredmedia":[{"embeddable":true,"href":"https:\/\/www.cronacaonline.it\/index.php\/wp-json\/wp\/v2\/media\/257551"}],"wp:attachment":[{"href":"https:\/\/www.cronacaonline.it\/index.php\/wp-json\/wp\/v2\/media?parent=257550"}],"wp:term":[{"taxonomy":"category","embeddable":true,"href":"https:\/\/www.cronacaonline.it\/index.php\/wp-json\/wp\/v2\/categories?post=257550"},{"taxonomy":"post_tag","embeddable":true,"href":"https:\/\/www.cronacaonline.it\/index.php\/wp-json\/wp\/v2\/tags?post=257550"}],"curies":[{"name":"wp","href":"https:\/\/api.w.org\/{rel}","templated":true}]}}