{"id":257505,"date":"2025-03-17T11:10:10","date_gmt":"2025-03-17T10:10:10","guid":{"rendered":"https:\/\/www.cronacaonline.it\/?p=257505"},"modified":"2025-03-17T11:10:11","modified_gmt":"2025-03-17T10:10:11","slug":"comune-di-cagliari-indennita-regionale-fibromialgia-istanze-entro-il-30-aprile-2025","status":"publish","type":"post","link":"https:\/\/www.cronacaonline.it\/index.php\/2025\/03\/17\/comune-di-cagliari-indennita-regionale-fibromialgia-istanze-entro-il-30-aprile-2025\/","title":{"rendered":"Comune di Cagliari &#8211; Indennit\u00e0 Regionale Fibromialgia: istanze entro il 30 aprile 2025"},"content":{"rendered":"\n<p>Cagliari, 17 Mar 2025 - A partire da oggi, luned\u00ec 17 marzo e fino a mercoled\u00ec 30 aprile 2025 sar\u00e0 possibile per gli interessati in possesso dei requisiti previsti dall'apposito Avviso pubblico, presentare istanza per l'accesso alla Misura regionale denominata \u201cIRF \u2013 Indennit\u00e0 Regionale Fibromialgia\u201d per l'anno 2025.<\/p>\n\n\n\n<p>L'indennit\u00e0 \u00e8 destinata alle persone con diagnosi di fibromialgia residenti nel Comune di Cagliari.<\/p>\n\n\n\n<p>Per coloro che hanno beneficiato del contributo negli anni precedenti 2023\/2024, sar\u00e0 considerata valida la domanda gi\u00e0 presentata e la certificazione medica gi\u00e0 in possesso dell\u2019Ente.<\/p>\n\n\n\n<p>La presentazione della domanda potr\u00e0 avvenire, utilizzando il modulo appositamente predisposto, tramite la PEC istituzionale&nbsp;<a href=\"javascript:window.mailto(%7bmailto:'protocollogenerale%40comune.cagliari.legalmail.it',%20subject:%20''%7d)\">protocollogenerale@comune.cagliari.legalmail.it<\/a>&nbsp;(abilitata a ricevere anche le mail ordinarie). Sar\u00e0 possibile anche la consegna a mano o l'invio tramite raccomandata A\/R al Protocollo Generale del Comune di Cagliari (via Crispi n.2).<\/p>\n\n\n\n<p>Per richiedere ulteriori informazioni \u00e8 possibile inviare una mail all'indirizzo:&nbsp;<a href=\"javascript:window.mailto(%7bmailto:'irf%40comune.cagliari.it',%20subject:%20''%7d)\">irf@comune.cagliari.it<\/a><\/p>\n\n\n\n<p>Il link all'Avviso completo:<a href=\"https:\/\/www.comune.cagliari.it\/portale\/page\/it\/documento?contentId=DOC214253\" target=\"_blank\" rel=\"noreferrer noopener\">&nbsp;https:\/\/www.comune.cagliari.it\/portale\/page\/it\/documento?contentId=DOC214253&nbsp;<\/a>Con<\/p>\n","protected":false},"excerpt":{"rendered":"<p>Cagliari, 17 Mar 2025 &#8211; A partire da oggi, luned\u00ec 17 marzo e fino a mercoled\u00ec 30 aprile 2025 sar\u00e0 possibile per gli interessati in&#8230;<\/p>\n","protected":false},"author":2,"featured_media":132553,"comment_status":"closed","ping_status":"open","sticky":false,"template":"","format":"standard","meta":[],"categories":[49,53],"tags":[],"_links":{"self":[{"href":"https:\/\/www.cronacaonline.it\/index.php\/wp-json\/wp\/v2\/posts\/257505"}],"collection":[{"href":"https:\/\/www.cronacaonline.it\/index.php\/wp-json\/wp\/v2\/posts"}],"about":[{"href":"https:\/\/www.cronacaonline.it\/index.php\/wp-json\/wp\/v2\/types\/post"}],"author":[{"embeddable":true,"href":"https:\/\/www.cronacaonline.it\/index.php\/wp-json\/wp\/v2\/users\/2"}],"replies":[{"embeddable":true,"href":"https:\/\/www.cronacaonline.it\/index.php\/wp-json\/wp\/v2\/comments?post=257505"}],"version-history":[{"count":1,"href":"https:\/\/www.cronacaonline.it\/index.php\/wp-json\/wp\/v2\/posts\/257505\/revisions"}],"predecessor-version":[{"id":257506,"href":"https:\/\/www.cronacaonline.it\/index.php\/wp-json\/wp\/v2\/posts\/257505\/revisions\/257506"}],"wp:featuredmedia":[{"embeddable":true,"href":"https:\/\/www.cronacaonline.it\/index.php\/wp-json\/wp\/v2\/media\/132553"}],"wp:attachment":[{"href":"https:\/\/www.cronacaonline.it\/index.php\/wp-json\/wp\/v2\/media?parent=257505"}],"wp:term":[{"taxonomy":"category","embeddable":true,"href":"https:\/\/www.cronacaonline.it\/index.php\/wp-json\/wp\/v2\/categories?post=257505"},{"taxonomy":"post_tag","embeddable":true,"href":"https:\/\/www.cronacaonline.it\/index.php\/wp-json\/wp\/v2\/tags?post=257505"}],"curies":[{"name":"wp","href":"https:\/\/api.w.org\/{rel}","templated":true}]}}