{"id":257477,"date":"2025-03-15T20:31:58","date_gmt":"2025-03-15T19:31:58","guid":{"rendered":"https:\/\/www.cronacaonline.it\/?p=257477"},"modified":"2025-03-15T20:47:24","modified_gmt":"2025-03-15T19:47:24","slug":"la-piazza-per-leuropa-serra-eravamo-50mila-50mila-cittadini-europei-non-perdiamoci-di-vista-le-altre-piazze-delle-citta-capoluogo-di-regione-gremite-di-uomini-donne-e-bambini-una-grande-g","status":"publish","type":"post","link":"https:\/\/www.cronacaonline.it\/index.php\/2025\/03\/15\/la-piazza-per-leuropa-serra-eravamo-50mila-50mila-cittadini-europei-non-perdiamoci-di-vista-le-altre-piazze-delle-citta-capoluogo-di-regione-gremite-di-uomini-donne-e-bambini-una-grande-g\/","title":{"rendered":"La piazza per l&#8217;Europa, Serra: &#8220;Eravamo 50mila, 50mila cittadini europei. Non perdiamoci di vista&#8221;. Le altre piazze delle citt\u00e0 capoluogo di regione gremite di uomini, donne e bambini. Una grande giornata storica all\u2019insegna della Europa Unita."},"content":{"rendered":"\n<p>Roma, 15 Mar 2025 - Nessun vessillo di partito, ma il blu stellato delle bandiere dell'Ue (insieme a quelle della pace e ucraine) nel centro della Capitale. La manifestazione, promossa dai sindaci di 14 citt\u00e0 dopo l'appello del giornalista e scrittore Michele Serra.<\/p>\n\n\n\n<p>Un'onda blu che attraversa piazza del Popolo. Tutte le bandiere dell'Unione europea alzate in aria. \u00c8 uno dei momenti pi\u00f9 suggestivi della manifestazione per l'Europa. La piazza ha risposto all'invito degli organizzatori che hanno chiesto di sventolare contemporaneamente le bandiere dell'Ue.<\/p>\n\n\n\n<p>\"Oggi questa piazza \u00e8 di nuovo Ventotene\", \"la politica, poi verranno i politici, senza questo entusiasmo, il nostro entusiasmo, \u00e8 solo tattica e strategia\". Lo ha detto&nbsp;Corrado Augias&nbsp;parlando dal palco della manifestazione per l'Europa a piazza del Popolo a Roma.&nbsp;<\/p>\n\n\n\n<p>\"Oggi il momento \u00e8 meno drammatico, certo, ma non \u00e8 meno difficile. Ed \u00e8 per questo che una piazza come questa dimostra il suo entusiasmo. Viva l'Europa unita, viva l'Italia\".<\/p>\n\n\n\n<p>Dopo di lui \u00e8 salito sul palco l'attore Fabrizio Bentivoglio che ha letto il discorso di Pericle agli ateniesi riportato da Tucidide.<\/p>\n\n\n\n<p>Una piazza del Popolo 'sold out' come non si vedeva da anni, quella della manifestazione per l'Europa. &nbsp;Per partecipazione e interventi dal palco qualcosa di vicino ai 'girotondi' di inizio anni Duemila. Intellettuali, attori, scrittori e musicisti si sono alternati al microfono con uno slogan comune: \"L'Europa siamo noi\".<\/p>\n\n\n\n<p>Sotto il palco, fra le circa cinquantamila persone, esponenti e leader politici delle opposizioni, da Elly Schlein a Carlo Calenda, passando per Riccardo Magi, Nicola Fratoianni e Angelo Bonelli. C'\u00e8 Maria Elena Boschi in rappresentanza di Italia Viva, manca Matteo Renzi alle prese con il lancio del suo nuovo libro. Un pienone che ha costretto le forze dell'ordine a chiudere alcune vie d'accesso, come la salita che porta alla terrazza del Pincio.<\/p>\n\n\n\n<p>A colorare la piazza migliaia di bandiere blu, bandiere arcobaleno della pace, bandiere dell'Ucraina, della Georgia e anche due bandiere palestinesi. Una testa di cartapesta raffigurante un Donald Trump che addenta delle banconote \u00e8 stata presenza fissa sotto il palco.<\/p>\n\n\n\n<p>La segretaria del Pd reduce dallo scontro sul voto di mercoled\u00ec a Strasburgo, arriva accompagnata dall'ospite tanto maggiore dem, prestandosi ad abbracci e selfie, riscuotendo gli applausi e gli incitamenti - \"Dai Elly, vai avanti!\" - ma anche un isolato rimbrotto: \"Viva la Picierno. Cerca di votare e non di' astenerti\", che le ha gridato un uomo sulla sessantina. Il riferimento \u00e8 alle tensioni interne ai dem che vedono protagonista l'ala riformista del partito, favorevole al rearm presentato da von der Leyen, contro la linea dell'asse segretaria, critica sul piano nonostante il sostegno al processo di integrazione che prevede la difesa comune europea.&nbsp;<\/p>\n\n\n\n<p>La bandiera che Schlein ha portato con s\u00e9 \u00e8 la Blu stellata dell'unione, ma la segretaria Pd ha scelto di sottolineare il suo richiamo alla pace e alla necessit\u00e0 di portare avanti lo sforzo diplomatico in alternativa a una corsa al riarmo andando a salutare le donne e gli uomini della Tavola della Pace che reggono una enorme bandiera arcobaleno. E sotto quella bandiera la leader dem si \u00e8 'inabissata' per poi riapparire davanti a telecamere e fotografi. Un 'gioco' con cui la segretaria ha voluto mettere da parte le polemiche tra sostenitori e detrattori del piano von der Leyen: \"Oggi non \u00e8 il tempo delle polemiche. Godiamoci questa meravigliosa piazza\", ha ripetuto Schlein ai giornalisti che le chiedevano dello scontro nel Pd e nelle opposizioni.<\/p>\n\n\n\n<p>\"La pace deve essere garantite da un'Europa forte e forte vuol dire esserlo anche militarmente\", ha spiegato il segretario di Azione Carlo Calenda (che entra nella piazza dalla parte opposta da quella scelta da Schlein e Fratoianni): \"Noi oggi siamo qui, con la comunit\u00e0 ucraina e georgiana, per ribadire che deve esserci un'Europa forte, potente, capace di respingere le aggressioni economiche di Trump e le aggressioni militari di Putin\".&nbsp;<\/p>\n\n\n\n<p>Riccardo Magi di Pi\u00f9 Europa interpreta il messaggio della piazza ai governi europei: \"Fatela questa Europa, fate l'Europa politica che manca, a cominciare dalla politica estera e di difesa\". Dall'altra parte c'\u00e8 chi, come Nicola Fratoianni, ha deciso di partecipare solo quando \u00e8 stato chiaro che la piattaforma della manifestazione non era per sostenere la corsa al riarmo. \"Io sono molto sereno, sono qui con le mie idee come sempre fatto, supportato dalla coerenza dei miei comportamenti parlamentari\", dice Fratoianni, \"fin dall'inizio mi sono schierato a favore della pace contro l'escalation militare e oggi non posso che confermarlo davanti al suicidio di Ursula von der Leyen e 800 miliardi che rappresentano un favore enorme a chi vuole la disgregazione dell'unione Europea\".<\/p>\n\n\n\n<p>All'inizio degli interventi sul palco, aperti da Michele Serra, un violoncello ha intonato la Nona di Beethoven \"Inno alla Gioia\", inno ufficiale dell'unione Europea. \"A voi che non siete qui oggi dico: siete troppo intelligenti. Noi siamo qui con la pi\u00f9 europea di tutte le parole: insieme\", ha esordito il giornalista dalla cui penna \u00e8 partita la mobilitazione di oggi.<\/p>\n\n\n\n<p>\"Sono una donna, non americana, quindi per il nostro amico Trump sono ai livelli pi\u00f9 bassi della scala evolutiva, subito dopo le rane anfibie e i messicani senza documento.&nbsp;Vengo dall'Europa, posto che secondo Trump \u00e8 nato per truffare gli Stati Uniti. Ora, io non mi ricordo a memoria il Manifesto di Ventotene, ma non mi risulta che Spinelli volesse truffare l'America, poi controllo\".&nbsp;<\/p>\n\n\n\n<p>Luciana Littizzetto inizia cos\u00ec il suo videomessaggio trasmesso durante la manifestazione. \"Sono contenta di essere qui con voi in questa piazza, non per trovare strategie o soluzioni a questo problema che ormai ci affligge, ma per testimoniare i valori dell'Europa, 450 milioni di abitanti, che credono nella libert\u00e0, nella democrazia, nello stato di diritto, nel rispetto della dignit\u00e0 umana, che vogliono continuare a pronunciare parole come LGBTQ+, diversit\u00e0 femminismo, disabilit\u00e0, antirazzismo. Non pensiamo che il mondo sia un posto dove debbano vincere i pi\u00f9 forti. L'Europa \u00e8 nata dopo la Seconda Guerra Mondiale, \u00e8 nata per la pace non per la guerra. Nella Costituzione c'\u00e8 scritto che l'Italia ripudia la guerra\".<\/p>\n\n\n\n<p>Sindaci sul palco in piazza del Popolo tutti con la fascia tricolore. La delegazione dei primi cittadini, circa una quarantina per la maggior parte di centrosinistra, \u00e8 stata la pi\u00f9 ferma sostenitrice della manifestazione promossa da Michele Serra per l'Europa. \"Questa \u00e8 la piazza dei cittadini. Abbiamo portato il cuore delle nostre comunit\u00e0. Noi - spiega il presidente dell'Anci e sindaco di Napoli, Gaetano Manfredi - vogliamo un'Europa pi\u00f9 forte che dia risposte alle domande delle persone: pi\u00f9 lavoro, pi\u00f9 casa, pi\u00f9 diritti. Noi siamo un unico popolo, quello europeo in cui tutti ci riconosciamo e dobbiamo difendere questi valori. Da questa piazza diciamo: 'Vogliamo pi\u00f9 Europa nelle citt\u00e0. Vogliamo una grande Europa che rappresenti tutti'. Non ci fermeremo, sempre insieme\".<\/p>\n\n\n\n<p>\u201cMi chiamo Iulia, sono ucraina, vengo da Kyiv. Sono arrivata in Italia nel marzo del 2022. Sono scappata dalla mia citt\u00e0, mentre era assediata e bombardata dall'esercito russo, con i miei tre figli, due bambine e un ragazzo adolescente, e mia madre anziana. Ci eravamo rifugiati in un seminterrato e, dopo due notti terribili di esplosioni, ho visto i miei bambini che tremavano. Dovevo salvarli\u201d.&nbsp;<\/p>\n\n\n\n<p>\"Abbiamo iniziato un lungo faticoso viaggio fino a Roma: eravamo terrorizzati e confusi. Voglio dirvi oggi grazie da parte mia e della mia famiglia per l'accoglienza che abbiamo ricevuto in Italia, qui a Roma. \u00c8 un'accoglienza che ha pacificato i nostri cuori. Per noi Italia, per noi Europa significa pace, significa la speranza in un futuro di pace\". Lo dice&nbsp;Iulia Kurochka, rifugiata ucraina, intervenendo dal palco di \"Una piazza per l'Europa\".<\/p>\n\n\n\n<p>\u201cVoglio dirvi anche la sofferenza di noi ucraine e ucraini, provocata dalla terribile aggressione dell'esercito russo al nostro Paese. \u00c8 la sofferenza di noi profughi, che abbiamo lasciato l'Ucraina, i nostri cari e le nostre case. \u00c8 la sofferenza di chi \u00e8 rimasto in Ucraina, ormai da pi\u00f9 di tre anni in guerra. Penso alle mie sorelle rimaste a Kyiv, alle loro notti interrotte dalle sirene degli allarmi, vissute con l'angoscia dei bombardamenti, quasi ogni giorno. Non sanno pi\u00f9 che vuol dire dormire una notte per riposare\u201d.&nbsp;<\/p>\n\n\n\n<p>\"Sono stata da poco in Ucraina, ho visto e ascoltato di nuovo questa sofferenza. Ho visto bambini, sfollati dalle zone del fronte, che non ridono, non giocano, non parlano. Nei loro occhi si legge una domanda: quando finir\u00e0 tutto questo? La gente \u00e8 stanca. C'\u00e8 bisogno di pace. La nostra sofferenza chiede oggi una pace giusta per l'Ucraina. Oggi dico a tutti voi che noi attendiamo questa pace. Noi vogliamo la pace\", conclude.<\/p>\n","protected":false},"excerpt":{"rendered":"<p>Roma, 15 Mar 2025 &#8211; Nessun vessillo di partito, ma il blu stellato delle bandiere dell&#8217;Ue (insieme a quelle della pace e ucraine) nel centro&#8230;<\/p>\n","protected":false},"author":2,"featured_media":257480,"comment_status":"closed","ping_status":"open","sticky":false,"template":"","format":"standard","meta":[],"categories":[49,50],"tags":[],"_links":{"self":[{"href":"https:\/\/www.cronacaonline.it\/index.php\/wp-json\/wp\/v2\/posts\/257477"}],"collection":[{"href":"https:\/\/www.cronacaonline.it\/index.php\/wp-json\/wp\/v2\/posts"}],"about":[{"href":"https:\/\/www.cronacaonline.it\/index.php\/wp-json\/wp\/v2\/types\/post"}],"author":[{"embeddable":true,"href":"https:\/\/www.cronacaonline.it\/index.php\/wp-json\/wp\/v2\/users\/2"}],"replies":[{"embeddable":true,"href":"https:\/\/www.cronacaonline.it\/index.php\/wp-json\/wp\/v2\/comments?post=257477"}],"version-history":[{"count":1,"href":"https:\/\/www.cronacaonline.it\/index.php\/wp-json\/wp\/v2\/posts\/257477\/revisions"}],"predecessor-version":[{"id":257478,"href":"https:\/\/www.cronacaonline.it\/index.php\/wp-json\/wp\/v2\/posts\/257477\/revisions\/257478"}],"wp:featuredmedia":[{"embeddable":true,"href":"https:\/\/www.cronacaonline.it\/index.php\/wp-json\/wp\/v2\/media\/257480"}],"wp:attachment":[{"href":"https:\/\/www.cronacaonline.it\/index.php\/wp-json\/wp\/v2\/media?parent=257477"}],"wp:term":[{"taxonomy":"category","embeddable":true,"href":"https:\/\/www.cronacaonline.it\/index.php\/wp-json\/wp\/v2\/categories?post=257477"},{"taxonomy":"post_tag","embeddable":true,"href":"https:\/\/www.cronacaonline.it\/index.php\/wp-json\/wp\/v2\/tags?post=257477"}],"curies":[{"name":"wp","href":"https:\/\/api.w.org\/{rel}","templated":true}]}}