{"id":257349,"date":"2025-03-13T14:20:51","date_gmt":"2025-03-13T13:20:51","guid":{"rendered":"https:\/\/www.cronacaonline.it\/?p=257349"},"modified":"2025-03-13T14:20:55","modified_gmt":"2025-03-13T13:20:55","slug":"province-via-libera-della-i-commissione-allarticolato-e-agli-emendamenti-della-pl-82-sospeso-il-voto-finale-in-attesa-del-parere-del-cal-e-della-relazione-tecnico-finanziaria","status":"publish","type":"post","link":"https:\/\/www.cronacaonline.it\/index.php\/2025\/03\/13\/province-via-libera-della-i-commissione-allarticolato-e-agli-emendamenti-della-pl-82-sospeso-il-voto-finale-in-attesa-del-parere-del-cal-e-della-relazione-tecnico-finanziaria\/","title":{"rendered":"Province. Via libera della I Commissione all\u2019articolato e agli emendamenti della PL 82. Sospeso il voto finale in attesa del parere del Cal e della relazione tecnico-finanziaria."},"content":{"rendered":"\n<p>Cagliari, 13 marzo 2025 - La prima Commissione (Autonomia e ordinamento regionale), presieduta da Salvatore Corrias (Pd), ha approvato l\u2019articolato e gli emendamenti della proposta di legge 82 \u201cDisposizioni per la riapertura dei termini per l\u2019accertamento della volont\u00e0 dei territori interessati e differimento del termine per l\u2019elezione degli organi provinciali e delle citt\u00e0 metropolitane\u201d (Deriu).\u00a0 I quattro emendamenti sono stati presentati dallo stesso firmatario della proposta di legge, il capogruppo del Pd, Roberto Deriu.<\/p>\n\n\n\n<p>La votazione finale sul testo \u00e8 stata sospesa in attesa del parere del Cal e la relazione tecnico-finanziaria della Giunta regionale. \u201cIl senso di questa proposta di legge \u2013 ha affermato il presidente Corrias \u2013 risiede nella necessit\u00e0 di differire i termini necessari a coinvolgere i Comuni che chiedono di cambiare provincia, fatta eccezione per quelli che hanno gi\u00e0 provveduto. La gestione ottimale di questa fase, cos\u00ec come previsto dalla proposta di legge, a firma del collega Roberto Deriu, consentir\u00e0 di dare alle Province quel vigore istituzionale che ad esse appartiene\u201d, ha concluso Corrias. Com<\/p>\n","protected":false},"excerpt":{"rendered":"<p>Cagliari, 13 marzo 2025 &#8211; La prima Commissione (Autonomia e ordinamento regionale), presieduta da Salvatore Corrias (Pd), ha approvato l\u2019articolato e gli emendamenti della proposta&#8230;<\/p>\n","protected":false},"author":2,"featured_media":257350,"comment_status":"closed","ping_status":"open","sticky":false,"template":"","format":"standard","meta":[],"categories":[49,52],"tags":[],"_links":{"self":[{"href":"https:\/\/www.cronacaonline.it\/index.php\/wp-json\/wp\/v2\/posts\/257349"}],"collection":[{"href":"https:\/\/www.cronacaonline.it\/index.php\/wp-json\/wp\/v2\/posts"}],"about":[{"href":"https:\/\/www.cronacaonline.it\/index.php\/wp-json\/wp\/v2\/types\/post"}],"author":[{"embeddable":true,"href":"https:\/\/www.cronacaonline.it\/index.php\/wp-json\/wp\/v2\/users\/2"}],"replies":[{"embeddable":true,"href":"https:\/\/www.cronacaonline.it\/index.php\/wp-json\/wp\/v2\/comments?post=257349"}],"version-history":[{"count":1,"href":"https:\/\/www.cronacaonline.it\/index.php\/wp-json\/wp\/v2\/posts\/257349\/revisions"}],"predecessor-version":[{"id":257351,"href":"https:\/\/www.cronacaonline.it\/index.php\/wp-json\/wp\/v2\/posts\/257349\/revisions\/257351"}],"wp:featuredmedia":[{"embeddable":true,"href":"https:\/\/www.cronacaonline.it\/index.php\/wp-json\/wp\/v2\/media\/257350"}],"wp:attachment":[{"href":"https:\/\/www.cronacaonline.it\/index.php\/wp-json\/wp\/v2\/media?parent=257349"}],"wp:term":[{"taxonomy":"category","embeddable":true,"href":"https:\/\/www.cronacaonline.it\/index.php\/wp-json\/wp\/v2\/categories?post=257349"},{"taxonomy":"post_tag","embeddable":true,"href":"https:\/\/www.cronacaonline.it\/index.php\/wp-json\/wp\/v2\/tags?post=257349"}],"curies":[{"name":"wp","href":"https:\/\/api.w.org\/{rel}","templated":true}]}}