{"id":257342,"date":"2025-03-13T11:16:04","date_gmt":"2025-03-13T10:16:04","guid":{"rendered":"https:\/\/www.cronacaonline.it\/?p=257342"},"modified":"2025-03-13T11:16:06","modified_gmt":"2025-03-13T10:16:06","slug":"arrestato-senegalese-di-38-anni-dai-carabinieri-della-stazione-di-selargius-per-violazioni-alle-prescrizioni-della-misura-alternativa-alla-detenzione","status":"publish","type":"post","link":"https:\/\/www.cronacaonline.it\/index.php\/2025\/03\/13\/arrestato-senegalese-di-38-anni-dai-carabinieri-della-stazione-di-selargius-per-violazioni-alle-prescrizioni-della-misura-alternativa-alla-detenzione\/","title":{"rendered":"Arrestato senegalese di 38 anni dai Carabinieri della Stazione di Selargius per violazioni alle prescrizioni della misura alternativa alla detenzione."},"content":{"rendered":"\n<p>Selargius (CA), 13 Mar 2025 \u2013 Nelle prime ore di questa mattina, i Carabinieri della Stazione di Selargius, nel rispetto dei diritti delle persone coinvolte e della presunzione di innocenza, per quanto risulta allo stato e salvo ulteriori approfondimenti, stante la fase attuale delle indagini preliminari, hanno rintracciato e arrestato un 35enne di origine nigeriana, disoccupato e domiciliato nella localit\u00e0 Pitz\u2019e Pranu di Selargius, in esecuzione di un\u2019ordinanza emessa dall\u2019Ufficio di Sorveglianza di Cagliari.<\/p>\n\n\n\n<p>Il provvedimento dispone la revoca della misura alternativa alla detenzione, cui l\u2019uomo era sottoposto, ordinando contestualmente la sua immediata traduzione in carcere.<\/p>\n\n\n\n<p>Alla base della misura restrittiva vi sono le gravi risultanze investigative raccolte dai militari di Selargius, che, lo scorso 28 febbraio 2025, con il supporto dello Squadrone Eliportato Cacciatori di Abbasanta, avevano sorpreso l\u2019uomo in possesso di 60 grammi di Marijuana, un bilancino di precisione, materiale per il confezionamento e 200 euro in contanti, somma ritenuta provento dell\u2019attivit\u00e0 di spaccio.<\/p>\n\n\n\n<p>In quella occasione, dopo l\u2019arresto, l\u2019uomo era stato sottoposto agli arresti domiciliari in attesa dell\u2019udienza di convalida, ma l\u2019Autorit\u00e0 Giudiziaria, alla luce delle violazioni accertate e dei nuovi elementi emersi, ha deciso di revocare il beneficio della misura alternativa, disponendo il ripristino della carcerazione.<\/p>\n\n\n\n<p>Quindi l\u2019extracomunitario al termine delle formalit\u00e0 di rito, \u00e8 stato accompagnato e rinchiuso presso la Casa Circondariale di Uta, dove rimarr\u00e0 a disposizione dell\u2019Autorit\u00e0 Giudiziaria.<\/p>\n","protected":false},"excerpt":{"rendered":"<p>Selargius (CA), 13 Mar 2025 \u2013 Nelle prime ore di questa mattina, i Carabinieri della Stazione di Selargius, nel rispetto dei diritti delle persone coinvolte&#8230;<\/p>\n","protected":false},"author":2,"featured_media":203395,"comment_status":"closed","ping_status":"open","sticky":false,"template":"","format":"standard","meta":[],"categories":[49,55],"tags":[],"_links":{"self":[{"href":"https:\/\/www.cronacaonline.it\/index.php\/wp-json\/wp\/v2\/posts\/257342"}],"collection":[{"href":"https:\/\/www.cronacaonline.it\/index.php\/wp-json\/wp\/v2\/posts"}],"about":[{"href":"https:\/\/www.cronacaonline.it\/index.php\/wp-json\/wp\/v2\/types\/post"}],"author":[{"embeddable":true,"href":"https:\/\/www.cronacaonline.it\/index.php\/wp-json\/wp\/v2\/users\/2"}],"replies":[{"embeddable":true,"href":"https:\/\/www.cronacaonline.it\/index.php\/wp-json\/wp\/v2\/comments?post=257342"}],"version-history":[{"count":1,"href":"https:\/\/www.cronacaonline.it\/index.php\/wp-json\/wp\/v2\/posts\/257342\/revisions"}],"predecessor-version":[{"id":257343,"href":"https:\/\/www.cronacaonline.it\/index.php\/wp-json\/wp\/v2\/posts\/257342\/revisions\/257343"}],"wp:featuredmedia":[{"embeddable":true,"href":"https:\/\/www.cronacaonline.it\/index.php\/wp-json\/wp\/v2\/media\/203395"}],"wp:attachment":[{"href":"https:\/\/www.cronacaonline.it\/index.php\/wp-json\/wp\/v2\/media?parent=257342"}],"wp:term":[{"taxonomy":"category","embeddable":true,"href":"https:\/\/www.cronacaonline.it\/index.php\/wp-json\/wp\/v2\/categories?post=257342"},{"taxonomy":"post_tag","embeddable":true,"href":"https:\/\/www.cronacaonline.it\/index.php\/wp-json\/wp\/v2\/tags?post=257342"}],"curies":[{"name":"wp","href":"https:\/\/api.w.org\/{rel}","templated":true}]}}