{"id":257149,"date":"2025-03-08T10:54:49","date_gmt":"2025-03-08T09:54:49","guid":{"rendered":"https:\/\/www.cronacaonline.it\/?p=257149"},"modified":"2025-03-08T10:54:52","modified_gmt":"2025-03-08T09:54:52","slug":"al-via-al-poetto-i-lavori-di-riqualificazione-delle-strutture-che-ospitano-i-bagni-pubblici","status":"publish","type":"post","link":"https:\/\/www.cronacaonline.it\/index.php\/2025\/03\/08\/al-via-al-poetto-i-lavori-di-riqualificazione-delle-strutture-che-ospitano-i-bagni-pubblici\/","title":{"rendered":"Al via al Poetto i lavori di riqualificazione delle strutture che ospitano i bagni pubblici"},"content":{"rendered":"\n<p>Cagliari, 8 Mar 2025 - In vista dell'ormai prossima stagione estiva, partono i lavori di riqualificazione delle sette strutture che ospitano i bagni pubblici del Poetto: \u201cDopo tanta attesa\u201d, spiega Luisa Giua Marassi, assessora all\u2019Ecologia Urbana, Ambiente e Verde Pubblico con delega alla manutenzione del lungomare, \u201cfinalmente restituiamo alla citt\u00e0 e ai tanti frequentatori della spiaggia un sistema di servizi capace di garantire accessibilit\u00e0 e decoro\u201d<\/p>\n\n\n\n<p>Il progetto prevede la manutenzione di tutte le strutture: superfici, infissi, corrimano e corde, e la sostituzione dei materiali non pi\u00f9 recuperabili. Interventi che si attendevano da tempo e che consentiranno una fruizione pi\u00f9 sostenibile dell\u2019intero lungomare: \u201cSi tratta di una vera e propria svolta\u201d, continua l'assessora: \u201cIl lungomare, infatti, resta una delle priorit\u00e0 amministrative pi\u00f9 importanti per Cagliari, non solo perch\u00e9 rappresenta una vetrina turistica di prestigio ma anche perch\u00e9 incarna appieno l\u2019identit\u00e0 paesaggistica della nostra citt\u00e0\u201d.<\/p>\n\n\n\n<p>Il piano di intervento include anche la programmazione delle azioni di svuotamento e pulizia dei dissabbiatori e la pianificazione delle operazioni di autospurgo. A completamento, saranno inoltre trattate anche le superfici esterne delle venti nicchie che ospitano gli apparati Enel. Un intervento pi\u00f9 specifico sar\u00e0 attuato successivamente per i servizi igienici di Marina Piccola che, in attesa di una sua rivisitazione, vedr\u00e0 finalmente realizzate le docce per le donne, che mancavano del tutto, in un\u2019ottica di restituzione della privacy e della parit\u00e0 di genere.<\/p>\n\n\n\n<p>Non solo, sottolinea Luisa Giua Marassi: \u201cGli obiettivi che ci attendono sono molteplici, ma per ognuno di essi sono gi\u00e0 in corso precisi interventi che mirano al miglioramento del nostro litorale, in ottica di fruizione, di salvaguardia e di promozione. Al riguardo voglio ricordare anche l\u2019avvio di una campagna contro l\u2019abbandono dei rifiuti (che avr\u00e0 un focus anche sulla spiaggia), la finalizzazione del progetto Tuvariam per la tutela del sistema delle dune, la riapertura della spiaggia per i cani e, non ultima, la rivisitazione del Piano di Utilizzo dei Litorali per lo sviluppo delle attivit\u00e0 di pianificazione, con finalit\u00e0 turistico ricettive. \u00c8 il risultato di un lavoro collegiale che vede la collaborazione degli uffici comunali e degli altri colleghi di Giunta, per uno scenario in costante miglioramento e con un dialogo attivo con la comunit\u00e0\u201d. Com<\/p>\n","protected":false},"excerpt":{"rendered":"<p>Cagliari, 8 Mar 2025 &#8211; In vista dell&#8217;ormai prossima stagione estiva, partono i lavori di riqualificazione delle sette strutture che ospitano i bagni pubblici del&#8230;<\/p>\n","protected":false},"author":2,"featured_media":14225,"comment_status":"closed","ping_status":"open","sticky":false,"template":"","format":"standard","meta":[],"categories":[49,53],"tags":[],"_links":{"self":[{"href":"https:\/\/www.cronacaonline.it\/index.php\/wp-json\/wp\/v2\/posts\/257149"}],"collection":[{"href":"https:\/\/www.cronacaonline.it\/index.php\/wp-json\/wp\/v2\/posts"}],"about":[{"href":"https:\/\/www.cronacaonline.it\/index.php\/wp-json\/wp\/v2\/types\/post"}],"author":[{"embeddable":true,"href":"https:\/\/www.cronacaonline.it\/index.php\/wp-json\/wp\/v2\/users\/2"}],"replies":[{"embeddable":true,"href":"https:\/\/www.cronacaonline.it\/index.php\/wp-json\/wp\/v2\/comments?post=257149"}],"version-history":[{"count":1,"href":"https:\/\/www.cronacaonline.it\/index.php\/wp-json\/wp\/v2\/posts\/257149\/revisions"}],"predecessor-version":[{"id":257150,"href":"https:\/\/www.cronacaonline.it\/index.php\/wp-json\/wp\/v2\/posts\/257149\/revisions\/257150"}],"wp:featuredmedia":[{"embeddable":true,"href":"https:\/\/www.cronacaonline.it\/index.php\/wp-json\/wp\/v2\/media\/14225"}],"wp:attachment":[{"href":"https:\/\/www.cronacaonline.it\/index.php\/wp-json\/wp\/v2\/media?parent=257149"}],"wp:term":[{"taxonomy":"category","embeddable":true,"href":"https:\/\/www.cronacaonline.it\/index.php\/wp-json\/wp\/v2\/categories?post=257149"},{"taxonomy":"post_tag","embeddable":true,"href":"https:\/\/www.cronacaonline.it\/index.php\/wp-json\/wp\/v2\/tags?post=257149"}],"curies":[{"name":"wp","href":"https:\/\/api.w.org\/{rel}","templated":true}]}}