{"id":257064,"date":"2025-03-06T16:00:42","date_gmt":"2025-03-06T15:00:42","guid":{"rendered":"https:\/\/www.cronacaonline.it\/?p=257064"},"modified":"2025-03-06T16:00:45","modified_gmt":"2025-03-06T15:00:45","slug":"allerta-gialla-per-rischio-idrogeologico-dalle-18-di-oggi-giovedi-6-marzo-alle-12-di-domani-venerdi-7","status":"publish","type":"post","link":"https:\/\/www.cronacaonline.it\/index.php\/2025\/03\/06\/allerta-gialla-per-rischio-idrogeologico-dalle-18-di-oggi-giovedi-6-marzo-alle-12-di-domani-venerdi-7\/","title":{"rendered":"Allerta Gialla per rischio idrogeologico dalle 18 di oggi, gioved\u00ec 6 marzo, alle 12 di domani, venerd\u00ec 7."},"content":{"rendered":"\n<p>Cagliari, 6 Mar 20254 - La Direzione generale della Protezione Civile regionale ha diramato un bollettino di Allerta per rischio idrogeologico con Criticit\u00e0 Ordinaria - Colore Giallo, che sar\u00e0 in vigore anche nella zona di Cagliari dalle 18 di oggi, gioved\u00ec 6 marzo, sino alle 12 di domani, venerd\u00ec 7 marzo 2025.<\/p>\n\n\n\n<p>Il Servizio di Protezione Civile del Comune di Cagliari ha, inoltre, reso note le norme di comportamento che interessano gli abitanti della Municipalit\u00e0 di Pirri, in modo da evitare possibili situazioni di pericolo per l\u2019incolumit\u00e0 pubblica.<\/p>\n\n\n\n<p>Secondo l\u2019Avviso \u00e8 opportuno evitare di parcheggiare nelle vie Balilla (dalla Piazza Italia sino alla via Dandolo) e traverse, Italia, Dolianova, Sinnai, Settimo, Mara, Donori, Santorre Di Santarosa, Confalonieri e Ampere.<\/p>\n\n\n\n<p>Le auto parcheggiate nelle sopraccitate vie possono essere spostate nel parcheggio della piscina di Terramaini in via Pisano.<\/p>\n\n\n\n<p>Con l'obiettivo di tutelare ulteriormente la sicurezza e l'incolumit\u00e0 pubblica, in presenza di fenomeni temporaleschi i cittadini sono inoltre invitati a prestare la massima attenzione e ad attivare le misure di autoprotezione.<\/p>\n","protected":false},"excerpt":{"rendered":"<p>Cagliari, 6 Mar 20254 &#8211; La Direzione generale della Protezione Civile regionale ha diramato un bollettino di Allerta per rischio idrogeologico con Criticit\u00e0 Ordinaria -&#8230;<\/p>\n","protected":false},"author":2,"featured_media":254553,"comment_status":"closed","ping_status":"open","sticky":false,"template":"","format":"standard","meta":[],"categories":[49,53],"tags":[],"_links":{"self":[{"href":"https:\/\/www.cronacaonline.it\/index.php\/wp-json\/wp\/v2\/posts\/257064"}],"collection":[{"href":"https:\/\/www.cronacaonline.it\/index.php\/wp-json\/wp\/v2\/posts"}],"about":[{"href":"https:\/\/www.cronacaonline.it\/index.php\/wp-json\/wp\/v2\/types\/post"}],"author":[{"embeddable":true,"href":"https:\/\/www.cronacaonline.it\/index.php\/wp-json\/wp\/v2\/users\/2"}],"replies":[{"embeddable":true,"href":"https:\/\/www.cronacaonline.it\/index.php\/wp-json\/wp\/v2\/comments?post=257064"}],"version-history":[{"count":1,"href":"https:\/\/www.cronacaonline.it\/index.php\/wp-json\/wp\/v2\/posts\/257064\/revisions"}],"predecessor-version":[{"id":257065,"href":"https:\/\/www.cronacaonline.it\/index.php\/wp-json\/wp\/v2\/posts\/257064\/revisions\/257065"}],"wp:featuredmedia":[{"embeddable":true,"href":"https:\/\/www.cronacaonline.it\/index.php\/wp-json\/wp\/v2\/media\/254553"}],"wp:attachment":[{"href":"https:\/\/www.cronacaonline.it\/index.php\/wp-json\/wp\/v2\/media?parent=257064"}],"wp:term":[{"taxonomy":"category","embeddable":true,"href":"https:\/\/www.cronacaonline.it\/index.php\/wp-json\/wp\/v2\/categories?post=257064"},{"taxonomy":"post_tag","embeddable":true,"href":"https:\/\/www.cronacaonline.it\/index.php\/wp-json\/wp\/v2\/tags?post=257064"}],"curies":[{"name":"wp","href":"https:\/\/api.w.org\/{rel}","templated":true}]}}