{"id":256823,"date":"2025-02-27T05:37:46","date_gmt":"2025-02-27T04:37:46","guid":{"rendered":"https:\/\/www.cronacaonline.it\/?p=256823"},"modified":"2025-02-27T05:37:49","modified_gmt":"2025-02-27T04:37:49","slug":"ieri-e-stato-confermato-che-linstabile-trump-odia-la-ue-annunciati-dazi-alleuropa-del-25-per-cento-approfitta-di-noi-lue-pronti-a-reagire","status":"publish","type":"post","link":"https:\/\/www.cronacaonline.it\/index.php\/2025\/02\/27\/ieri-e-stato-confermato-che-linstabile-trump-odia-la-ue-annunciati-dazi-alleuropa-del-25-per-cento-approfitta-di-noi-lue-pronti-a-reagire\/","title":{"rendered":"Ieri \u00e8 stato confermato che l\u2019instabile Trump odia la Ue: annunciati dazi all&#8217;Europa del 25 per cento: &#8220;approfitta di noi&#8221;. L&#8217;Ue: &#8220;Pronti a reagire&#8221;."},"content":{"rendered":"\n<p>Washington, 27 Feb 2025 - Sui dazi all'Unione europea \u00e8 stata \"presa una decisione che annunceremo molto presto\". Lo ha detto\u00a0Donald Trump, aggiungendo che \"in termini generali i dazi saranno del\u00a025% sulle auto e su tutte le altre cose\". \"Amo i Paesi Europei ma l'Unione europea \u00e8 stata creata per fregare gli Stati Uniti\", ha detto il presidente parlando con i giornalisti, prima della riunione di gabinetto alla\u00a0Casa Bianca\u00a0e sostenendo che \"l'Ue non accetta le nostre auto o i nostri prodotti agricoli, si approfitta di noi\".<\/p>\n\n\n\n<p>\"L'Unione europea&nbsp;reagir\u00e0 in modo fermo e immediato alle barriere ingiustificate al commercio libero ed equo, anche quando i dazi vengono utilizzati per contestare politiche legittime e non discriminatorie\". Lo afferma un portavoce della Commissione europea in risposta all'annuncio di Trump: \"l'Ue protegger\u00e0 sempre le aziende, i lavoratori e i consumatori europei dai dazi ingiustificati\", aggiunge.<\/p>\n\n\n\n<p>La Commissione risponde anche all'accusa del presidente Usa secondo cui l'Ue \u201csi approfitta\u201d degli Stati Uniti. \"L'Ue \u00e8 il pi\u00f9 grande mercato libero del mondo ed \u00e8 stata una manna per gli Stati Uniti.&nbsp;Gli investimenti statunitensi in Europa sono altamente redditizi.&nbsp;Le aziende americane sono state in grado di investire e generare entrate sostanziali proprio perch\u00e9 l'Unione \u00e8 un grande mercato unificato che fa bene agli affari\", ha sottolineato il portavoce ricordando che il commercio transatlantico di beni e servizi \"ammonta a oltre 1,5 trilioni di dollari all'anno, il pi\u00f9 grande al mondo\".&nbsp;<\/p>\n\n\n\n<p>\"Dovremmo lavorare insieme per preservare queste opportunit\u00e0 per la nostra gente e le nostre aziende, non gli uni contro gli altri\", ha ammonito il portavoce, ricordando che \"l'Europa \u00e8 sinonimo di dialogo, apertura e reciprocit\u00e0\". \"Siamo pronti a collaborare se rispettiamo le regole ma proteggeremo anche i nostri consumatori e le nostre aziende a ogni passo\" perch\u00e9 \"non si aspettano niente di meno da noi\", ha aggiunto.&nbsp;<\/p>\n","protected":false},"excerpt":{"rendered":"<p>Washington, 27 Feb 2025 &#8211; Sui dazi all&#8217;Unione europea \u00e8 stata &#8220;presa una decisione che annunceremo molto presto&#8221;. Lo ha detto\u00a0Donald Trump, aggiungendo che &#8220;in&#8230;<\/p>\n","protected":false},"author":2,"featured_media":255036,"comment_status":"closed","ping_status":"open","sticky":false,"template":"","format":"standard","meta":[],"categories":[49,50],"tags":[],"_links":{"self":[{"href":"https:\/\/www.cronacaonline.it\/index.php\/wp-json\/wp\/v2\/posts\/256823"}],"collection":[{"href":"https:\/\/www.cronacaonline.it\/index.php\/wp-json\/wp\/v2\/posts"}],"about":[{"href":"https:\/\/www.cronacaonline.it\/index.php\/wp-json\/wp\/v2\/types\/post"}],"author":[{"embeddable":true,"href":"https:\/\/www.cronacaonline.it\/index.php\/wp-json\/wp\/v2\/users\/2"}],"replies":[{"embeddable":true,"href":"https:\/\/www.cronacaonline.it\/index.php\/wp-json\/wp\/v2\/comments?post=256823"}],"version-history":[{"count":1,"href":"https:\/\/www.cronacaonline.it\/index.php\/wp-json\/wp\/v2\/posts\/256823\/revisions"}],"predecessor-version":[{"id":256824,"href":"https:\/\/www.cronacaonline.it\/index.php\/wp-json\/wp\/v2\/posts\/256823\/revisions\/256824"}],"wp:featuredmedia":[{"embeddable":true,"href":"https:\/\/www.cronacaonline.it\/index.php\/wp-json\/wp\/v2\/media\/255036"}],"wp:attachment":[{"href":"https:\/\/www.cronacaonline.it\/index.php\/wp-json\/wp\/v2\/media?parent=256823"}],"wp:term":[{"taxonomy":"category","embeddable":true,"href":"https:\/\/www.cronacaonline.it\/index.php\/wp-json\/wp\/v2\/categories?post=256823"},{"taxonomy":"post_tag","embeddable":true,"href":"https:\/\/www.cronacaonline.it\/index.php\/wp-json\/wp\/v2\/tags?post=256823"}],"curies":[{"name":"wp","href":"https:\/\/api.w.org\/{rel}","templated":true}]}}