{"id":256762,"date":"2025-02-25T05:33:37","date_gmt":"2025-02-25T04:33:37","guid":{"rendered":"https:\/\/www.cronacaonline.it\/?p=256762"},"modified":"2025-02-25T05:33:39","modified_gmt":"2025-02-25T04:33:39","slug":"lo-strappo-dellamerica-allonu-vota-con-mosca-e-non-menziona-linvasione-russa","status":"publish","type":"post","link":"https:\/\/www.cronacaonline.it\/index.php\/2025\/02\/25\/lo-strappo-dellamerica-allonu-vota-con-mosca-e-non-menziona-linvasione-russa\/","title":{"rendered":"Lo strappo dell&#8217;America, all&#8217;Onu vota con Mosca e non menziona l&#8217;invasione russa"},"content":{"rendered":"\n<p>New York, 25 Feb 2025 \u2013 Gli Stati Uniti si sono astenuti, rettificando il voto all'inizio contrario (l'ambasciatrice ha spiegato che c'\u00e8 stato un errore nell'uso del pulsante), sulla propria risoluzione presentata all'Assemblea generale dell'Onu. Come spiega la Cnn, la decisione degli Usa \u00e8 arrivata a causa dei diversi emendamenti che hanno cambiato sostanzialmente il testo della risoluzione.<\/p>\n\n\n\n<p>La bozza di risoluzione originale non definiva la Russia Stato aggressore n\u00e9 riconosceva l'integrit\u00e0 territoriale dell'Ucraina. Prima del voto, tuttavia, \u00e8 stato aggiunto un paragrafo che riafferma l'impegno \"per la sovranit\u00e0, l'indipendenza, l'unit\u00e0 e l'integrit\u00e0 territoriale dell'Ucraina entro i suoi confini riconosciuti a livello internazionale, che si estendono alle sue acque territoriali\". Un altro emendamento ha cambiato il linguaggio da \"lutto per la tragica perdita di vite umane durante il conflitto Russia-Ucraina\" a&nbsp;\"invasione su vasta scala dell'Ucraina da parte della Federazione Russa\".<\/p>\n\n\n\n<p>La risoluzione redatta dagli Usa, ma modificata, \u00e8 stata quindi adottata dall'Assemblea Generale delle Nazioni Unite.<\/p>\n\n\n\n<p>Per contro l\u2019amministrazione tossica mondiale di Trump, ha mostrato il suo vero volto: si \u00e8 schierata con il criminale di guerra Putin e messa dichiaratamente contro l\u2019Europa. Infatti, la risoluzione Usa \u00e8 stata approvata con dieci voti a favore, zero contro e cinque astensioni, dopo che tutti gli emendamenti (sia quelli di Mosca che quelli degli europei con la Gran Bretagna) erano stati bocciati per ragioni procedurali o per il veto della Russia. Tra gli astenuti, la Francia e la Gran Bretagna due membri permanenti che avrebbero potuto usare il loro potere di veto.<\/p>\n\n\n\n<p>La risoluzione americana \u00e8 stata adottata col sostegno della Russia che, prima del voto, l'aveva definita \"un passo nella giusta direzione\".&nbsp;<\/p>\n\n\n\n<p>Il testo approvato si limita a chiedere \"una rapida fine al conflitto\" senza biasimare la Russia per l'invasione e non menziona l'aggressione russa. &nbsp;\"Apprezziamo quando gi\u00e0 detto dal presidente Donald Trump, e cio\u00e8 che il conflitto in Ucraina ha le sue ragioni profondamente radicate\", aveva detto prima del voto l'ambasciatore russo Vassily Nebenzia.<\/p>\n\n\n\n<p>Nel giorno del terzo anniversario della guerra in Ucraina il presidente Donald Trump ha ricevuto alla Casa Bianca il presidente francese Emmanuel Macron. Secondo il magnate la guerra in Ucraina \"si sta avvicinando alla conclusione\". Secondo Trump il presidente ucraino Volodymyr Zelenskyy potrebbe recarsi presto negli Stati Uniti per firmare un accordo: \"Sembra che ci stiamo avvicinando molto - ha dichiarato Trump ai giornalisti presenti in occasione del bilaterale con Macron. In mattinata Trump e Macron hanno preso parte ad una videoconferenza con gli altri leader del G7 per discutere della guerra.<\/p>\n\n\n\n<p>\u201cI team ucraini e statunitensi sono nelle fasi finali dei negoziati per l'accordo sui minerali. I negoziati sono stati molto costruttivi, con quasi tutti i dettagli chiave finalizzati. Siamo impegnati a completarlo rapidamente per procedere alla sua firma. Ci auguriamo che i leader degli Stati Uniti e degli Emirati Arabi Uniti lo firmino e lo approvino al pi\u00f9 presto a Washington, per dimostrare il nostro impegno per i decenni a venire\u201d. Lo scrive la vicepremier ucraina Olha Stefanishyna in un secondo post su X, dopo averne scritto uno simile nelle ore precedenti e averlo cancellato poco dopo.<\/p>\n\n\n\n<p>Infine \u201cl'Europa \u00e8 qui per rafforzare l'Ucraina in questo momento critico. Posso annunciare che un nuovo pagamento da 3,5 miliardi di euro per l'Ucraina arriver\u00e0 gi\u00e0 a marzo\u201d. Lo ha dichiarato la presidente della Commissione europea, Ursula von der Leyen, nel suo intervento ieri a Kiev.&nbsp;<\/p>\n","protected":false},"excerpt":{"rendered":"<p>New York, 25 Feb 2025 \u2013 Gli Stati Uniti si sono astenuti, rettificando il voto all&#8217;inizio contrario (l&#8217;ambasciatrice ha spiegato che c&#8217;\u00e8 stato un errore&#8230;<\/p>\n","protected":false},"author":2,"featured_media":251742,"comment_status":"closed","ping_status":"open","sticky":false,"template":"","format":"standard","meta":[],"categories":[49,50],"tags":[],"_links":{"self":[{"href":"https:\/\/www.cronacaonline.it\/index.php\/wp-json\/wp\/v2\/posts\/256762"}],"collection":[{"href":"https:\/\/www.cronacaonline.it\/index.php\/wp-json\/wp\/v2\/posts"}],"about":[{"href":"https:\/\/www.cronacaonline.it\/index.php\/wp-json\/wp\/v2\/types\/post"}],"author":[{"embeddable":true,"href":"https:\/\/www.cronacaonline.it\/index.php\/wp-json\/wp\/v2\/users\/2"}],"replies":[{"embeddable":true,"href":"https:\/\/www.cronacaonline.it\/index.php\/wp-json\/wp\/v2\/comments?post=256762"}],"version-history":[{"count":1,"href":"https:\/\/www.cronacaonline.it\/index.php\/wp-json\/wp\/v2\/posts\/256762\/revisions"}],"predecessor-version":[{"id":256763,"href":"https:\/\/www.cronacaonline.it\/index.php\/wp-json\/wp\/v2\/posts\/256762\/revisions\/256763"}],"wp:featuredmedia":[{"embeddable":true,"href":"https:\/\/www.cronacaonline.it\/index.php\/wp-json\/wp\/v2\/media\/251742"}],"wp:attachment":[{"href":"https:\/\/www.cronacaonline.it\/index.php\/wp-json\/wp\/v2\/media?parent=256762"}],"wp:term":[{"taxonomy":"category","embeddable":true,"href":"https:\/\/www.cronacaonline.it\/index.php\/wp-json\/wp\/v2\/categories?post=256762"},{"taxonomy":"post_tag","embeddable":true,"href":"https:\/\/www.cronacaonline.it\/index.php\/wp-json\/wp\/v2\/tags?post=256762"}],"curies":[{"name":"wp","href":"https:\/\/api.w.org\/{rel}","templated":true}]}}