{"id":256728,"date":"2025-02-24T05:40:30","date_gmt":"2025-02-24T04:40:30","guid":{"rendered":"https:\/\/www.cronacaonline.it\/?p=256728"},"modified":"2025-02-24T05:40:32","modified_gmt":"2025-02-24T04:40:32","slug":"sono-passati-gia-tre-anni-dalla-tentata-invasione-dellesercito-del-criminale-di-guerra-putin-oggi-a-kiev-i-vertici-ue-zelensky-pronto-a-dimettermi-per-ladesione-alla-nato","status":"publish","type":"post","link":"https:\/\/www.cronacaonline.it\/index.php\/2025\/02\/24\/sono-passati-gia-tre-anni-dalla-tentata-invasione-dellesercito-del-criminale-di-guerra-putin-oggi-a-kiev-i-vertici-ue-zelensky-pronto-a-dimettermi-per-ladesione-alla-nato\/","title":{"rendered":"Sono passati gi\u00e0 tre anni dalla tentata invasione dell\u2019esercito del criminale di guerra Putin: oggi a Kiev i vertici Ue. Zelensky: &#8220;Pronto a dimettermi per l&#8217;adesione alla Nato&#8221;."},"content":{"rendered":"\n<p>Kiev, 24 Feb 2025 - Nel terzo anniversario dell'aggressione russa dell'Ucraina del 24 febbraio 2022, Volodymyr Zelensky \u00e8 tornato a invocare una pace \"duratura e giusta\", realizzabile solo attraverso l'unit\u00e0 dell'Europa e degli Usa. Infatti oggi Kiev si appresta a ospitare oggi 13 leader, tra cui il primo ministro spagnolo Pedro Sanchez, pi\u00f9 altri 24 collegati online, il presidente del Consiglio europeo Antonio Costa, la presidente della Commissione europea Ursula von der Leyen e 24 commissari europei. Non ci sar\u00e0 la premier italiana Giorgia Meloni, impegnata a Roma con il presidente degli Emirati Arabi Uniti, n\u00e9 il presidente francese Emmanuel Macron, in visita da Trump a Washington. Gioved\u00ec sar\u00e0 invece il turno del premier britannico Keir Starmer.<\/p>\n\n\n\n<p>\"Ho deciso di convocare un Consiglio europeo straordinario il 6 marzo. Stiamo vivendo un momento decisivo per l'Ucraina e la sicurezza europea.<br>Nelle mie consultazioni con i leader europei, ho sentito un impegno condiviso per affrontare queste sfide a livello dell'Ue: rafforzare la difesa europea e contribuire in modo decisivo alla pace nel nostro continente e alla sicurezza a lungo termine dell'Ucraina.\" Lo scrive su X il presidente del Consiglio europeo Antonio Costa confermando la convocazione del summit dei 27 straordinario per il 6 marzo.<\/p>\n\n\n\n<p>Volodymyr Zelensky si \u00e8 detto pronto a dimettersi \"immediatamente\" in cambio dell'adesione dell'Ucraina alla Nato. Zelensky rispondeva ad alcune domande alla conclusione del forum 'Ucraina: Anno 2025'.&nbsp;<\/p>\n\n\n\n<p>Interpellato su quali garanzie di sicurezza chieda a Trump, ha detto: \"Se serve che lasci questa sedia, sono pronto a farlo e posso anche scambiare la mia posizione con l'adesione dell'Ucraina alla Nato\". Zelensky ha aggiunto: \"Sarei felice di rinunciare alla presidenza se fosse per la pace dell'Ucraina\". Sottolineando di essere concentrato sulla sicurezza dell'Ucraina ora, e non tra 20 anni, e di non avere come obiettivo quello di restare presidente per un decennio.<\/p>\n\n\n\n<p>L'inviato speciale del presidente degli Stati Uniti Donald Trump per il Medioriente, Steve Witkoff, ha dichiarato che si aspetta che l'Ucraina firmi l'accordo sull'uso sui minerali e le terre rare gi\u00e0 questa settimana. \"Il presidente [Trump] gli ha inviato un messaggio\", il presidente ucraino Volodymyr Zelensky \"si rende conto che abbiamo fatto cos\u00ec tanto e che quell'accordo merita di essere firmato. E penso che lo vedrete firmato questa settimana\".<\/p>\n","protected":false},"excerpt":{"rendered":"<p>Kiev, 24 Feb 2025 &#8211; Nel terzo anniversario dell&#8217;aggressione russa dell&#8217;Ucraina del 24 febbraio 2022, Volodymyr Zelensky \u00e8 tornato a invocare una pace &#8220;duratura e&#8230;<\/p>\n","protected":false},"author":2,"featured_media":256729,"comment_status":"closed","ping_status":"open","sticky":false,"template":"","format":"standard","meta":[],"categories":[49,50],"tags":[],"_links":{"self":[{"href":"https:\/\/www.cronacaonline.it\/index.php\/wp-json\/wp\/v2\/posts\/256728"}],"collection":[{"href":"https:\/\/www.cronacaonline.it\/index.php\/wp-json\/wp\/v2\/posts"}],"about":[{"href":"https:\/\/www.cronacaonline.it\/index.php\/wp-json\/wp\/v2\/types\/post"}],"author":[{"embeddable":true,"href":"https:\/\/www.cronacaonline.it\/index.php\/wp-json\/wp\/v2\/users\/2"}],"replies":[{"embeddable":true,"href":"https:\/\/www.cronacaonline.it\/index.php\/wp-json\/wp\/v2\/comments?post=256728"}],"version-history":[{"count":1,"href":"https:\/\/www.cronacaonline.it\/index.php\/wp-json\/wp\/v2\/posts\/256728\/revisions"}],"predecessor-version":[{"id":256730,"href":"https:\/\/www.cronacaonline.it\/index.php\/wp-json\/wp\/v2\/posts\/256728\/revisions\/256730"}],"wp:featuredmedia":[{"embeddable":true,"href":"https:\/\/www.cronacaonline.it\/index.php\/wp-json\/wp\/v2\/media\/256729"}],"wp:attachment":[{"href":"https:\/\/www.cronacaonline.it\/index.php\/wp-json\/wp\/v2\/media?parent=256728"}],"wp:term":[{"taxonomy":"category","embeddable":true,"href":"https:\/\/www.cronacaonline.it\/index.php\/wp-json\/wp\/v2\/categories?post=256728"},{"taxonomy":"post_tag","embeddable":true,"href":"https:\/\/www.cronacaonline.it\/index.php\/wp-json\/wp\/v2\/tags?post=256728"}],"curies":[{"name":"wp","href":"https:\/\/api.w.org\/{rel}","templated":true}]}}