{"id":256638,"date":"2025-02-21T09:18:50","date_gmt":"2025-02-21T08:18:50","guid":{"rendered":"https:\/\/www.cronacaonline.it\/?p=256638"},"modified":"2025-02-21T09:18:53","modified_gmt":"2025-02-21T08:18:53","slug":"brevetti-la-sardegna-non-e-terra-di-brevetti-nel-2023-solo-7-registrazioni-e-crescono-i-furti-di-prodotti-idee-e-progetti","status":"publish","type":"post","link":"https:\/\/www.cronacaonline.it\/index.php\/2025\/02\/21\/brevetti-la-sardegna-non-e-terra-di-brevetti-nel-2023-solo-7-registrazioni-e-crescono-i-furti-di-prodotti-idee-e-progetti\/","title":{"rendered":"Brevetti \u2013 La Sardegna non \u00e8 terra di brevetti: nel 2023 solo 7 registrazioni. E crescono i \u201cfurti\u201d di prodotti, idee e progetti."},"content":{"rendered":"\n<p>Cagliari, 21 Feb 2025 - La Sardegna non \u00e8 terra di brevetti. Nel 2023 quelli registrati presso le Camere di Commercio furono solo 7 mentre nell\u2019anno precedente ne risultarono depositati 12, con un calo del -43,26%. In generale, in Italia queste registrazioni sono cresciute passando dalle 4.773 del 2022 alle 4.780 del 2023, con un incremento percentuale dello 0,13%, ovvero + 6 depositi.<\/p>\n\n\n\n<p>\u00c8 questo ci\u00f2 che emerge dall\u2019analisi relativa alla registrazione dei brevetti effettuata dall\u2019Ufficio Studi di Confartigianato Sardegna sui dati UnionCamere-Infocamere 2023.<\/p>\n\n\n\n<p>\u201cDispiace vedere come le imprese sarde fatichino a registrare, e quindi a proteggere, prodotti, idee, marchi, software, packaging, macchinari e procedure produttive \u2013 commenta Giacomo Meloni, Presidente di Confartigianato Imprese Sardegna \u2013 nonostante ogni anno ci siano a disposizione parecchi milioni di euro che coprono, quasi interamente, tutto il processo presso le Camere di Commercio\u201d.<\/p>\n\n\n\n<p>Brevettare e registrare per le attivit\u00e0 produttive significa ridurre al minimo il rischio di essere \u201cscippate\u201d, cosa che quotidianamente avviene con facilit\u00e0 e velocit\u00e0; per le aziende, tale situazione, si trasforma in incubo quando si rendono conto di non poter pi\u00f9 commercializzare i propri beni sui mercati nazionali ed esteri perch\u00e9 un concorrente sleale ha registrato o brevettato un brand o una produzione uguale.<\/p>\n\n\n\n<p>Eclatanti sono i casi di molte aziende italiane che, attratte dalle opportunit\u00e0 di conquista di mercati esteri, soprattutto extraeuropei, si sono trovate bloccate nella commercializzazione o nella registrazione del proprio marchio in quanto registrato (identico o quasi) da un produttore concorrente locale per prodotti certamente non italiani. Alle aziende europee, secondo alcune recenti indagini, negli ultimi 5 anni il \u201cfurto\u201d di marchi e brevetti \u00e8 costato oltre 300 miliardi di euro e circa 2,1 milioni di nuovi posti di lavoro. Responsabili di queste azioni, nel 70% dei casi, sarebbero i Paesi asiatici.<\/p>\n\n\n\n<p>\u201cPer questo \u00e8 <a>fondamentale intervenire a difesa del proprio prodotto <\/a>\u2013 conclude Meloni - prioritario, pertanto, \u00e8 prevenire questi rischi e conoscere tutti gli strumenti di tutela che sono a disposizione. Per esempio sarebbe utile incentivare i marchi di tutela come quelli STG e IGP per l\u2019agroalimentare\u201d.<\/p>\n\n\n\n<p>Nella classifica nazionale dei brevetti depositati, se l\u2019Isola si attesta al terzultimo posto, nell\u2019ultima posizione si trovano Basilicata e Molise, entrambe con 2 registrazioni. Al primo posto, invece, la Lombardia con 1.494 \u201cidee\u201d, che cresce di 34 brevetti rispetto al 2022 quando furono 1.460. Al secondo posto l\u2019Emilia Romagna con 829, in crescita di 45 registrazioni (+5,76%) rispetto al 2022. A livello percentuale exploit dell\u2019Abruzzo con + 17.05% rispetto al 2022 mentre \u00e8 proprio la Sardegna ad aver fatto registrare il segno negativo pi\u00f9 pesante con il -43,26%.<\/p>\n\n\n\n<p>A livello di citt\u00e0, Milano guida con 4.780 registrazioni, seguita da Bologna con 698. Per ci\u00f2 che riguarda le aree geografiche, il Nord Ovest ne ha presentati 4.780 (+1,67%), il Nord Est 1.760 (+1,44%), il Centro 664 (-5,62%) e il Sud e Isole solo 315 (-3.79%).<\/p>\n\n\n\n<p>Ma in quali ambiti cresce la ricerca italiana? La parola d\u2019ordine sono le tecnologie green, alle quali nel 2023 sono attribuibili 371 domande di brevetto a fronte delle 290 del 2022: l\u2019innovazione \u201cverde\u201d passa per le Energie Alternative (+53%), l\u2019Immagazzinamento di Energia (+39%) e i Trasporti (+30%). In crescita anche alcuni ambiti che utilizzano le KET, le tecnologie abilitanti ad alta intensit\u00e0 di conoscenza, in particolare quelle legate alla manifattura avanzata e alla micro e nano elettronica. Tra i campi tecnologici, infine, risulta in aumento la capacit\u00e0 di brevettazione italiana nell\u2019ambito delle Tecniche industriali e trasporti (il segmento pi\u00f9 diffuso con 1.477 domande di brevetto italiano in Europa nel 2023), la Meccanica e illuminazione (543) e l\u2019Elettricit\u00e0 (404). Com<\/p>\n","protected":false},"excerpt":{"rendered":"<p>Cagliari, 21 Feb 2025 &#8211; La Sardegna non \u00e8 terra di brevetti. Nel 2023 quelli registrati presso le Camere di Commercio furono solo 7 mentre&#8230;<\/p>\n","protected":false},"author":2,"featured_media":246361,"comment_status":"closed","ping_status":"open","sticky":false,"template":"","format":"standard","meta":[],"categories":[49,53],"tags":[],"_links":{"self":[{"href":"https:\/\/www.cronacaonline.it\/index.php\/wp-json\/wp\/v2\/posts\/256638"}],"collection":[{"href":"https:\/\/www.cronacaonline.it\/index.php\/wp-json\/wp\/v2\/posts"}],"about":[{"href":"https:\/\/www.cronacaonline.it\/index.php\/wp-json\/wp\/v2\/types\/post"}],"author":[{"embeddable":true,"href":"https:\/\/www.cronacaonline.it\/index.php\/wp-json\/wp\/v2\/users\/2"}],"replies":[{"embeddable":true,"href":"https:\/\/www.cronacaonline.it\/index.php\/wp-json\/wp\/v2\/comments?post=256638"}],"version-history":[{"count":1,"href":"https:\/\/www.cronacaonline.it\/index.php\/wp-json\/wp\/v2\/posts\/256638\/revisions"}],"predecessor-version":[{"id":256639,"href":"https:\/\/www.cronacaonline.it\/index.php\/wp-json\/wp\/v2\/posts\/256638\/revisions\/256639"}],"wp:featuredmedia":[{"embeddable":true,"href":"https:\/\/www.cronacaonline.it\/index.php\/wp-json\/wp\/v2\/media\/246361"}],"wp:attachment":[{"href":"https:\/\/www.cronacaonline.it\/index.php\/wp-json\/wp\/v2\/media?parent=256638"}],"wp:term":[{"taxonomy":"category","embeddable":true,"href":"https:\/\/www.cronacaonline.it\/index.php\/wp-json\/wp\/v2\/categories?post=256638"},{"taxonomy":"post_tag","embeddable":true,"href":"https:\/\/www.cronacaonline.it\/index.php\/wp-json\/wp\/v2\/tags?post=256638"}],"curies":[{"name":"wp","href":"https:\/\/api.w.org\/{rel}","templated":true}]}}