{"id":256513,"date":"2025-02-18T08:17:40","date_gmt":"2025-02-18T07:17:40","guid":{"rendered":"https:\/\/www.cronacaonline.it\/?p=256513"},"modified":"2025-02-18T08:17:43","modified_gmt":"2025-02-18T07:17:43","slug":"il-papa-al-gemelli-quadro-clinico-complesso-ma-stazionario-la-degenza-non-sara-breve","status":"publish","type":"post","link":"https:\/\/www.cronacaonline.it\/index.php\/2025\/02\/18\/il-papa-al-gemelli-quadro-clinico-complesso-ma-stazionario-la-degenza-non-sara-breve\/","title":{"rendered":"Il Papa al Gemelli: &#8220;Quadro clinico complesso, ma stazionario&#8221;. La degenza &#8220;non sar\u00e0 breve&#8221;."},"content":{"rendered":"\n<p>Roma, 18 Feb 2025 - Quinto giorno di ricovero\u00a0per il Pontefice, \u00e8 al Policlinico Gemelli da venerd\u00ec scorso.<\/p>\n\n\n\n<p>Gli accertamenti sullo stato di salute di Papa Francesco, ricoverato al Policlinico Gemelli di Roma, \"sono indicativi di un quadro clinico complesso che richieder\u00e0 una degenza ospedaliera adeguata\". Cos\u00ec un comunicato della Sala Stampa della Santa Sede che dettaglia che&nbsp;il Papa \u00e8 affetto da un'infezione polimicrobica delle vie respiratorie.&nbsp;In un nuovo&nbsp;comunicato del tardo pomeriggio, sempre la Santa Sede assicura che&nbsp;le condizioni&nbsp;del Pontefice&nbsp;sono stazionarie, non ha la febbre&nbsp;e&nbsp;continua a seguire la terapia<\/p>\n\n\n\n<p>Ieri mattina&nbsp;Bergoglio ha seguito in tv la messa celebrata al suo posto dal cardinale Jos\u00e9 Tolentino de Mendon\u00e7a per il Giubileo degli Artisti, in cui \u00e8 stata letta l'omelia che aveva preparato, mentre nel pomeriggio \"ha alternato la lettura al riposo\". Anche per l'Angelus Francesco si \u00e8 limitato ad inviare il testo, in cui ha spiegato: \"ho ancora bisogno di un po' di cure per la mia bronchite\". &nbsp;&nbsp;<\/p>\n\n\n\n<p>Il&nbsp;Papa ha ringraziato sia lo staff medico sia i moltissimi che gli hanno inviato messaggi di pronta guarigione: \"Vi ringrazio per l'affetto, la preghiera e la vicinanza con cui mi state accompagnando in questi giorni\", ha scritto su X.<\/p>\n\n\n\n<p>\"Il&nbsp;Papa ci ha chiamati venerd\u00ec e sabato, era di buon umore, la voce un po' affaticata, ma ha voluto sapere come stiamo. Un collaboratore gli ha passato il telefono e ha potuto parlare con noi. Ieri invece ha riposato e sapevamo che non avrebbe telefonato\". Lo riferisce a Tgcom24 uno dei responsabili della&nbsp;parrocchia Sacra Famiglia di Gaza, comunit\u00e0 cattolica presente nella Striscia. Il Papa in questi mesi ha chiamato tutti i giorni il parroco padre Gabriel Romanelli e il vice parroco, padre Yusuf Asad, per manifestare la sua vicinanza in questo momento cos\u00ec difficile per la popolazione.<\/p>\n\n\n\n<p>\"Fratelli e sorelle, buona domenica! In Vaticano \u00e8 stata celebrata l'Eucaristia dedicata in particolare agli artisti venuti da varie parti del mondo per vivere le Giornate giubilari. Ringrazio il Dicastero per la Cultura e l'Educazione per la preparazione di questo appuntamento, che ci ricorda l'importanza dell'arte come linguaggio universale che diffonde la bellezza e unisce i popoli, contribuendo a portare armonia nel mondo e a far tacere ogni grido di guerra. &nbsp;Desidero salutare tutti gli artisti che hanno partecipato:&nbsp;avrei voluto essere in mezzo a voi ma, come sapete, mi trovo qui al Policlinico Gemelli perch\u00e9 ho ancora bisogno di un po' di cure&nbsp;per la mia bronchite\". Cos\u00ec Papa Francesco ha scritto nell'Angelus domenicale che \u00e8 stato diffuso dalla Sala Stampa del Vaticano.<\/p>\n\n\n\n<p>Il Santo Padre Francesco ha detto nell'Angelus: \"Rivolgo il mio saluto a tutti i pellegrini presenti oggi a Roma, in particolare ai fedeli della Diocesi di Parma, che sono venuti in Pellegrinaggio diocesano, guidati dal loro Vescovo. Invito tutti a continuare a pregare per la pace nella martoriata Ucraina, in Palestina, in Israele e in tutto il Medio Oriente, in Myanmar, nel Kivu e in Sudan.&nbsp;Vi ringrazio per l'affetto, la preghiera e la vicinanza con cui mi state accompagnando in questi giorni, cos\u00ec come vorrei ringraziare i medici e gli operatori sanitari di questo Ospedale per la loro premura: svolgono un lavoro prezioso e tanto faticoso, sosteniamoli con la preghiera! E ora affidiamoci a Maria, la 'Piena di grazia', perch\u00e9 ci aiuti ad essere come Lei cantori e artefici della bellezza che salva il mondo\".<\/p>\n\n\n\n<p>\"Cari artisti, vedo in voi dei custodi della bellezza che sa chinarsi sulle ferite del mondo, che sa ascoltare il grido dei poveri, dei sofferenti, dei feriti, dei carcerati, dei perseguitati, dei rifugiati. Vedo in voi dei custodi delle Beatitudini!\". Cos\u00ec nell'omelia - letta dal cardinale Jos\u00e8 Tolentino de Mendonca, Prefetto del Dicastero per la Cultura e l'Educazione - della messa&nbsp;in occasione del Giubileo degli Artisti e del Mondo della Cultura.<\/p>\n\n\n\n<p>\"Viviamo in un'epoca in cui nuovi muri si alzano, in cui le differenze diventano pretesto per la divisione anzich\u00e9 occasione di arricchimento reciproco\", sottolinea il Pontefice. \"Ma voi, uomini e donne di cultura, siete chiamati a costruire ponti, a creare spazi di incontro e dialogo, a illuminare le menti e a scaldare i cuori\".<\/p>\n\n\n\n<p>Il direttore della sala stampa della Santa Sede Matteo Bruni rispondendo alle domande dei giornalisti ha detto: \"Il Papa \u00e8 sereno, umore buono, e ha letto qualche giornale\".&nbsp;<\/p>\n\n\n\n<p>L'arrivo del Papa ha preso un po' alla sprovvista&nbsp;il personale della struttura, considerando, ad esempio, che uno dei medici che fa parte della sua \u00e9quipe, il chirurgo&nbsp;Sergio Alfieri&nbsp;(che lo ha operato due volte per il problema legato al colon, poi risolto),&nbsp;ha appreso dai giornalisti del ricovero del Pontefice. Al momento non si conosce quali siano i medici della vasta \u00e9quipe del Gemelli che lo stanno tenendo sotto osservazione e stanno procedendo agli esami necessari. Membri dell'entourage del Papa hanno fatto filtrare fin dall'inizio un&nbsp;messaggio rassicurante&nbsp;a chi sta stazionando nelle aree d'attesa del policlinico: \u201cC'\u00e8 da stare tranquilli\u201d dicono sottovoce.<\/p>\n\n\n\n<p>Il dispositivo di sicurezza all'interno dell'ospedale \u00e8 molto leggero, con alcuni gendarmi che stazionano nei vari piani e naturalmente il cordone di sicurezza attorno alla stanza tutta bianca del Papa.<\/p>\n\n\n\n<p>Gi\u00e0 a met\u00e0 dicembre dello scorso anno a molti \u00e8 sembrato un&nbsp;azzardo il viaggio ad Ajaccio, proprio alla vigilia delle celebrazioni di Natale e dell'apertura del Giubileo. Papa Francesco nel viaggio del 15 dicembre, per la prima volta, non aveva tenuto la consueta conferenza stampa finale con i giornalisti. Il volo era breve, questa la motivazione ufficiale. Ma evidente c'era anche&nbsp;una certa stanchezza del Papa.<\/p>\n\n\n\n<p>Qualche giorno dopo, nel corso di una udienza, si era interrotto: \u201cScusatemi ma sono molto raffreddato\u201d. Domenica 22 dicembre poi ha deciso di tenere l'Angelus da Casa Santa Marta. Ancora, le celebrazioni del Giubileo con la messa del 24 dicembre spostata da Piazza San Pietro (dove era prevista inizialmente) in Basilica. Quindi, le celebrazioni di Natale, fino al 9 gennaio, quando il Pontefice sceglie di affidare ad un collaboratore la lettura del discorso al corpo diplomatico, una delle udienze pi\u00f9 importanti di ogni inizio d'anno.<\/p>\n\n\n\n<p>Quindi ancora udienze, incontri, eventi del Giubileo. Ma&nbsp;sono un paio di settimane che il Papa non arriva in fondo ai discorsi, lascia leggere a collaboratori, perch\u00e9&nbsp;risulta affannato&nbsp;e lui stesso pubblicamente ha parlato di bronchite. Infine le udienze non pi\u00f9 al Palazzo apostolico ma nella sua residenza a Casa Santa Marta. \u201cSono ammalato e non posso uscire\u201d diceva rammaricato il 10 febbraio in un video postato sui social dalla Grande Moschea di Parigi. Aveva infatti deciso di curarsi a casa ma evidentemente non sono bastate, anche perch\u00e9&nbsp;ai farmaci a base di cortisone non si \u00e8 sommato il necessario riposo. Ora la decisione del ricovero in ospedale alla quale, secondo quanto si apprende,&nbsp;il Papa avrebbe comunque cercato fino all'ultimo di fare resistenza. \u201cMi sento meglio\u201d ripeteva nelle ultime ore (riferiscono fonti che lo hanno incontrato), fino a quando ha concordato con i medici di fare approfondimenti e cure in ospedale.<\/p>\n\n\n\n<p>Lo scorso 12 febbraio, nel corso dell'udienza generale, il Pontefice aveva ceduto il testo da leggere ad un collaboratore. Poi a braccio aveva invitato a pregare: \u201cFare di tutto per la pace, non siamo nati per uccidere\u201d.<\/p>\n\n\n\n<p>\"La guerra \u00e8 sempre una sconfitta, la pace \u00e8 possibile e tu lo stai facendo attraverso la musica\", \u00e8 cos\u00ec che Papa Francesco in una inedita ed eccezionale presenza durante la prima serata del Festival di Sanremo 2025,&nbsp;con un video messaggio in diretta durante la trasmissione. Il Papa concludeva il suo intervento dicendo: \"La musica \u00e8 bellezza e strumento di pace, la musica pu\u00f2 aiutare la convivenza\", subito l'applauso e la standing ovation del pubblico dell'Ariston.<\/p>\n\n\n\n<p>\u201cAuguriamo al Santo Padre pronta guarigione e ci uniamo in preghiera per lui\u201d scrive la&nbsp;Cei, la Conferenza episcopale italiana, sull'account Instagram, dopo la notizia del ricovero al Gemelli. Anche il sindaco di Roma, Roberto Gualtieri, non ha mancato di esprimere \u201cil mio pi\u00f9 sincero augurio di pronta guarigione a Papa Francesco. Siamo vicini al Santo Padre, che ha sempre dimostrato grande forza e dedizione, nella speranza che possa riprendersi al pi\u00f9 presto\u201d. \u201cLa comunit\u00e0 diocesana di Roma esprime la propria vicinanza a Papa Francesco, avendo appreso del suo ricovero presso il Policlinico Gemelli. Tutto il popolo di Dio che \u00e8 in Roma si stringe ancor di pi\u00f9 al suo Vescovo, assicurandogli la preghiera per una pronta guarigione\u201d ha scritto invece la Diocesi di Roma in un post su X.<\/p>\n\n\n\n<p>Papa Francesco ha nominato, a partire dal 1\u00b0 marzo 2025, Presidente della Pontificia Commissione per lo Stato della Citt\u00e0 del Vaticano, nonch\u00e9 Presidente del Governatorato dello Stato della Citt\u00e0 del Vaticano, la&nbsp;suor Raffaella Petrini, finora Segretario Generale del medesimo Governatorato. Lo fa sapere la sala stampa della Santa Sede. La nomina era stata anticipata da Bergoglio in un'intervista televisiva negli scorsi giorni.<\/p>\n\n\n\n<p>Suor Raffaella Petrini, dal novembre 2021 Segretario Generale del Governatorato dello Stato della Citt\u00e0 del Vaticano, \u00e8 nata a Roma il 15 gennaio 1969. Ha conseguito la Laurea in Scienze Politiche presso la Libera Universit\u00e0 Internazionale degli Studi Guido Carli e il Dottorato presso la Pontificia Universit\u00e0 San Tommaso d\u2019Aquino, dove \u00e8 attualmente Docente. Dal 2005 al 2021 ha lavorato presso la Congregazione per l\u2019Evangelizzazione dei Popoli.<\/p>\n\n\n\n<p>Dopo Suor Simona Brambilla, nominata il 6 gennaio scorso, Prefetto del Dicastero per gli Istituti di Vita Consacrata e le Societ\u00e0 di Vita Apostolica \u00e8 la seconda donna messa a capo di una istituzione della Santa Sede.<\/p>\n\n\n\n<p>Francesco ha inoltre nominato vescovo della diocesi di Bubanza (Burundi)&nbsp;padre Emmanuel Ntakarutimana, finora Coordinatore del Consiglio per la creazione dell\u2019Universit\u00e0 Cattolica del Burundi. Lo fa sapere la sala stampa della Santa Sede in un bollettino. Il Papa ha nominato anche il vescovo della diocesi di Rutana. Si tratta del reverendo&nbsp;L\u00e9onidas Nitereka, finora Vicario Generale della diocesi di Bururi.<\/p>\n","protected":false},"excerpt":{"rendered":"<p>Roma, 18 Feb 2025 &#8211; Quinto giorno di ricovero\u00a0per il Pontefice, \u00e8 al Policlinico Gemelli da venerd\u00ec scorso. Gli accertamenti sullo stato di salute di&#8230;<\/p>\n","protected":false},"author":2,"featured_media":234119,"comment_status":"closed","ping_status":"open","sticky":false,"template":"","format":"standard","meta":[],"categories":[49,50],"tags":[],"_links":{"self":[{"href":"https:\/\/www.cronacaonline.it\/index.php\/wp-json\/wp\/v2\/posts\/256513"}],"collection":[{"href":"https:\/\/www.cronacaonline.it\/index.php\/wp-json\/wp\/v2\/posts"}],"about":[{"href":"https:\/\/www.cronacaonline.it\/index.php\/wp-json\/wp\/v2\/types\/post"}],"author":[{"embeddable":true,"href":"https:\/\/www.cronacaonline.it\/index.php\/wp-json\/wp\/v2\/users\/2"}],"replies":[{"embeddable":true,"href":"https:\/\/www.cronacaonline.it\/index.php\/wp-json\/wp\/v2\/comments?post=256513"}],"version-history":[{"count":1,"href":"https:\/\/www.cronacaonline.it\/index.php\/wp-json\/wp\/v2\/posts\/256513\/revisions"}],"predecessor-version":[{"id":256514,"href":"https:\/\/www.cronacaonline.it\/index.php\/wp-json\/wp\/v2\/posts\/256513\/revisions\/256514"}],"wp:featuredmedia":[{"embeddable":true,"href":"https:\/\/www.cronacaonline.it\/index.php\/wp-json\/wp\/v2\/media\/234119"}],"wp:attachment":[{"href":"https:\/\/www.cronacaonline.it\/index.php\/wp-json\/wp\/v2\/media?parent=256513"}],"wp:term":[{"taxonomy":"category","embeddable":true,"href":"https:\/\/www.cronacaonline.it\/index.php\/wp-json\/wp\/v2\/categories?post=256513"},{"taxonomy":"post_tag","embeddable":true,"href":"https:\/\/www.cronacaonline.it\/index.php\/wp-json\/wp\/v2\/tags?post=256513"}],"curies":[{"name":"wp","href":"https:\/\/api.w.org\/{rel}","templated":true}]}}