{"id":256510,"date":"2025-02-17T18:25:55","date_gmt":"2025-02-17T17:25:55","guid":{"rendered":"https:\/\/www.cronacaonline.it\/?p=256510"},"modified":"2025-02-17T18:25:57","modified_gmt":"2025-02-17T17:25:57","slug":"replica-assessore-spanedda-su-tagli-a-comuni-province-e-regioni","status":"publish","type":"post","link":"https:\/\/www.cronacaonline.it\/index.php\/2025\/02\/17\/replica-assessore-spanedda-su-tagli-a-comuni-province-e-regioni\/","title":{"rendered":"Replica assessore Spanedda su tagli a comuni, province e regioni.\u00a0"},"content":{"rendered":"\n<p>Cagliari,17 Feb 2025 - \u201cLa presa di posizione ferma della Regione Sardegna nei confronti del Governo nazionale, che taglia pesantemente i fondi a favore di Comuni, Province e Regioni, accanendosi su chi \u00e8 gi\u00e0 penalizzato nel garantire servizi essenziali alla comunit\u00e0, sembra sia diventata occasione per un attacco diretto alla Giunta che, fin dal suo insediamento, si \u00e8 impegnata al fianco delle comunit\u00e0 dell'isola e, dunque, dei sardi\", replica l\u2019assessore degli Enti locali e Urbanistica, Francesco Spanedda.<\/p>\n\n\n\n<p>\u201cComprendiamo le preoccupazioni delle rappresentanze degli Enti locali, che sono anche le nostre. Per questo riteniamo fuorviante la contrapposizione Comuni-Regione, in un momento in cui \u00e8 pi\u00f9 che mai necessario tutelare l\u2019obiettivo condiviso di assicurare i servizi ai cittadini\u201d, prosegue l\u2019assessore.<\/p>\n\n\n\n<p>\u201cOccorre precisare che quando \u00e8 stato istituito, con Legge regionale n. 2 del 2007, art. 10, il Fondo unico ha inglobato al suo interno tutte le leggi regionali di settore, comprese quelle che finanziavano gli investimenti, oltre a quelle che finanziavano le spese correnti\", aggiunge.<\/p>\n\n\n\n<p>Per chiarire: \u201cnel Fondo unico, confluiscono \u2013 ad esempio \u2013 risorse per lo svolgimento delle funzioni proprie dei Comuni e di quelle delegate dalla Regione Sardegna, il fondo per gli investimenti, il fondo per le spese correnti relative ai servizi socio-assistenziali, del diritto allo studio e per lo sviluppo dello sport, nonch\u00e9 il fondo per le politiche attive del lavoro. Dal Fondo Unico, dunque, attingono i comuni, le Citt\u00e0 Metropolitane, le Province e tutti gli altri enti locali, incluse forme associative\u201d.<\/p>\n\n\n\n<p>\u201cInsieme al Fondo unico, la Giunta ha anche stanziato tramite tutti gli assessorati, risorse utili per l'erogazione dei servizi essenziali a favore dei cittadini, vincolando ad esempio anche 32 milioni per la manutenzione delle strade provinciali, la cui competenza \u00e8 delle Province e delle Citt\u00e0 metropolitane. Si tratta quindi di fondi che entrano, comunque, nelle casse di enti locali\".<\/p>\n\n\n\n<p>\u201cLa Regione Sardegna \u00e8 al fianco dei sindaci e delle comunit\u00e0 che rappresentano\u201d, conclude, \u201cci troviamo a dover ribadire che di fronte a un Governo nazionale che investe risorse preziose in opere di dubbia utilit\u00e0, come i centri di detenzione per i migranti in Albania, noi tutti e tutte chiediamo che i fondi siano invece destinati al governo del territorio e posti realmente al servizio del cittadino\u201d. Com<\/p>\n","protected":false},"excerpt":{"rendered":"<p>Cagliari,17 Feb 2025 &#8211; \u201cLa presa di posizione ferma della Regione Sardegna nei confronti del Governo nazionale, che taglia pesantemente i fondi a favore di&#8230;<\/p>\n","protected":false},"author":2,"featured_media":247654,"comment_status":"closed","ping_status":"open","sticky":false,"template":"","format":"standard","meta":[],"categories":[49,52],"tags":[],"_links":{"self":[{"href":"https:\/\/www.cronacaonline.it\/index.php\/wp-json\/wp\/v2\/posts\/256510"}],"collection":[{"href":"https:\/\/www.cronacaonline.it\/index.php\/wp-json\/wp\/v2\/posts"}],"about":[{"href":"https:\/\/www.cronacaonline.it\/index.php\/wp-json\/wp\/v2\/types\/post"}],"author":[{"embeddable":true,"href":"https:\/\/www.cronacaonline.it\/index.php\/wp-json\/wp\/v2\/users\/2"}],"replies":[{"embeddable":true,"href":"https:\/\/www.cronacaonline.it\/index.php\/wp-json\/wp\/v2\/comments?post=256510"}],"version-history":[{"count":1,"href":"https:\/\/www.cronacaonline.it\/index.php\/wp-json\/wp\/v2\/posts\/256510\/revisions"}],"predecessor-version":[{"id":256511,"href":"https:\/\/www.cronacaonline.it\/index.php\/wp-json\/wp\/v2\/posts\/256510\/revisions\/256511"}],"wp:featuredmedia":[{"embeddable":true,"href":"https:\/\/www.cronacaonline.it\/index.php\/wp-json\/wp\/v2\/media\/247654"}],"wp:attachment":[{"href":"https:\/\/www.cronacaonline.it\/index.php\/wp-json\/wp\/v2\/media?parent=256510"}],"wp:term":[{"taxonomy":"category","embeddable":true,"href":"https:\/\/www.cronacaonline.it\/index.php\/wp-json\/wp\/v2\/categories?post=256510"},{"taxonomy":"post_tag","embeddable":true,"href":"https:\/\/www.cronacaonline.it\/index.php\/wp-json\/wp\/v2\/tags?post=256510"}],"curies":[{"name":"wp","href":"https:\/\/api.w.org\/{rel}","templated":true}]}}