{"id":256503,"date":"2025-02-17T18:04:50","date_gmt":"2025-02-17T17:04:50","guid":{"rendered":"https:\/\/www.cronacaonline.it\/?p=256503"},"modified":"2025-02-17T18:04:53","modified_gmt":"2025-02-17T17:04:53","slug":"insulina-salvavita-tresiba-nessuna-inadempienza-da-parte-della-regione-sardegna","status":"publish","type":"post","link":"https:\/\/www.cronacaonline.it\/index.php\/2025\/02\/17\/insulina-salvavita-tresiba-nessuna-inadempienza-da-parte-della-regione-sardegna\/","title":{"rendered":"Insulina salvavita Tresiba, nessuna inadempienza da parte della Regione Sardegna."},"content":{"rendered":"\n<p>Cagliari, 17 Feb 2025 - \u201cNessun problema per i diabetici sardi e nessuna carenza gestionale da parte della Regione. L\u2019appalto con la casa farmaceutica che produce l\u2019insulina Tresiba \u00e8 stato rinnovato nel mese di marzo 2024 ed \u00e8 pienamente in vigore: scadr\u00e0 nel 2027\u201d. Cos\u00ec fa sapere l\u2019assessore alla Sanit\u00e0 Armando Bartolazzi al seguito dell\u2019annuncio di un\u2019interrogazione da parte del consigliere della Lega Alessandro Sorgia, che ipotizza una \u201cprobabile mancata gestione delle gare d\u2019appalto\u201d da parte della Regione Sardegna. \u201cGli ordinativi sono stati predisposti per tempo, abbiamo verificato con Ares che ha fornito tutte le spiegazioni del caso: c\u2019\u00e8 stato un ritardo di spedizione di poche ore, che non ha pregiudicato la salute dei pazienti perch\u00e9 comunque il farmaco contingentato \u00e8 sempre stato nelle disponibilit\u00e0 delle farmacie sarde\u201d.<\/p>\n\n\n\n<p>Anche il presidente di Federfarma Sardegna, Pier Luigi Annis, interviene ufficialmente per rassicurare i pazienti: \u201cLa situazione \u00e8 sempre stata pienamente sotto controllo. Non si tratta di un\u2019inadempienza regionale ma di un ritardo nella spedizione, subito risolto\u201d. Com<\/p>\n","protected":false},"excerpt":{"rendered":"<p>Cagliari, 17 Feb 2025 &#8211; \u201cNessun problema per i diabetici sardi e nessuna carenza gestionale da parte della Regione. L\u2019appalto con la casa farmaceutica che&#8230;<\/p>\n","protected":false},"author":2,"featured_media":255599,"comment_status":"closed","ping_status":"open","sticky":false,"template":"","format":"standard","meta":[],"categories":[49,53],"tags":[],"_links":{"self":[{"href":"https:\/\/www.cronacaonline.it\/index.php\/wp-json\/wp\/v2\/posts\/256503"}],"collection":[{"href":"https:\/\/www.cronacaonline.it\/index.php\/wp-json\/wp\/v2\/posts"}],"about":[{"href":"https:\/\/www.cronacaonline.it\/index.php\/wp-json\/wp\/v2\/types\/post"}],"author":[{"embeddable":true,"href":"https:\/\/www.cronacaonline.it\/index.php\/wp-json\/wp\/v2\/users\/2"}],"replies":[{"embeddable":true,"href":"https:\/\/www.cronacaonline.it\/index.php\/wp-json\/wp\/v2\/comments?post=256503"}],"version-history":[{"count":1,"href":"https:\/\/www.cronacaonline.it\/index.php\/wp-json\/wp\/v2\/posts\/256503\/revisions"}],"predecessor-version":[{"id":256504,"href":"https:\/\/www.cronacaonline.it\/index.php\/wp-json\/wp\/v2\/posts\/256503\/revisions\/256504"}],"wp:featuredmedia":[{"embeddable":true,"href":"https:\/\/www.cronacaonline.it\/index.php\/wp-json\/wp\/v2\/media\/255599"}],"wp:attachment":[{"href":"https:\/\/www.cronacaonline.it\/index.php\/wp-json\/wp\/v2\/media?parent=256503"}],"wp:term":[{"taxonomy":"category","embeddable":true,"href":"https:\/\/www.cronacaonline.it\/index.php\/wp-json\/wp\/v2\/categories?post=256503"},{"taxonomy":"post_tag","embeddable":true,"href":"https:\/\/www.cronacaonline.it\/index.php\/wp-json\/wp\/v2\/tags?post=256503"}],"curies":[{"name":"wp","href":"https:\/\/api.w.org\/{rel}","templated":true}]}}