{"id":256474,"date":"2025-02-16T11:08:27","date_gmt":"2025-02-16T10:08:27","guid":{"rendered":"https:\/\/www.cronacaonline.it\/?p=256474"},"modified":"2025-02-16T11:08:28","modified_gmt":"2025-02-16T10:08:28","slug":"lassessore-spanedda-replica-alle-critiche-sul-fondo-unico-dalla-giunta-todde-trasferimenti-agli-enti-locali-per-un-totale-di-112-milioni","status":"publish","type":"post","link":"https:\/\/www.cronacaonline.it\/index.php\/2025\/02\/16\/lassessore-spanedda-replica-alle-critiche-sul-fondo-unico-dalla-giunta-todde-trasferimenti-agli-enti-locali-per-un-totale-di-112-milioni\/","title":{"rendered":"L\u2019assessore Spanedda replica alle critiche sul fondo unico:\u00a0\u201cdalla Giunta Todde trasferimenti agli enti locali per un totale di 112 milioni\u201d."},"content":{"rendered":"\n<p>Cagliari, 16 Feb 2025 - Gi\u00e0 a maggio del 2024 la Regione Sardegna, con l\u2019Assessorato Regionale degli Enti Locali, ha espresso fortissima preoccupazione per il taglio dei trasferimenti erariali proposto dal Governo Meloni, appoggiando le richieste dei Comuni dell'Isola.<\/p>\n\n\n\n<p>I tagli stimati ammontavano a circa 38 milioni di euro e gi\u00e0 rappresentavano un gravissimo danno per quei Comuni che hanno ottenuto maggiori finanziamenti sul PNRR e che, proprio per questa ragione, hanno necessit\u00e0 di maggiori trasferimenti sulla spesa corrente per poter erogare pi\u00f9 servizi e provvedere alla manutenzione delle nuove opere realizzate.&nbsp;<\/p>\n\n\n\n<p>Per dare un ordine di grandezza, l\u2019impegno dello Stato italiano in favore dei Comuni sardi nel 2023 era stimato in 174 milioni di euro, a fronte di un impegno regionale di circa 661 milioni di euro, secondo quanto certificano i dati di Fondazione Ifel.&nbsp;<\/p>\n\n\n\n<p>La legge di Bilancio 2025 del Governo Meloni prevede, per la Sardegna, un taglio ai comuni di 4,6 milioni nel 2025, 9,3 milioni nel 2026, 2027, 2028 e di 15,7 milioni \u2013 in crescita \u2013 nel 2029. Per un totale di 48,5 milioni di euro. A questi si sommano gli oltre 5,5 milioni di euro di tagli alle province, con Cagliari Metropolitana che registra meno 2,7 milioni, Sassari meno 1,6 milioni, Oristano e Nuoro meno 500.000 e 700.000. Sono cifre che corrispondono a sacrifici a cui saranno costretti gli enti locali, con un impatto negativo sulla qualit\u00e0 dei servizi e, dunque, sulla vita della persone. Il tutto si somma, ancora, alle ristrettezze che il Governo nazionale ha imposto alle Regioni, Sardegna compresa.&nbsp;<\/p>\n\n\n\n<p>\"Il Governo non pu\u00f2 ridurre ulteriormente il trasferimento erariale a favore dei Comuni della Sardegna, gi\u00e0 evidentemente penalizzati da un sistema che si regge sostanzialmente sulle risorse messe in campo dalla Regione, ai danni di un territorio che sta affrontando fenomeni rilevanti di spopolamento difficolt\u00e0 finanziarie\u201c, dichiara l'assessore degli Enti locali, Finanze e Urbanistica Francesco Spanedda.&nbsp;<\/p>\n\n\n\n<p>\"Siamo consapevoli del fatto che il Fondo Unico rappresenti un'entrata certa e costante nei bilanci dei Comuni, da sempre presidi di prossimit\u00e0 chiamati a garantire servizi essenziali ai cittadini\", prosegue l'assessore, \"per questo l'attuale maggioranza consiliare e la Giunta nutrono una particolare attenzione per gli Enti locali\".<\/p>\n\n\n\n<p>\u201c\u00c8 opportuno ricordare che i 100 milioni in pi\u00f9 previsti nella variazione del 2023 non erano un incremento stabile, ma frutto dell'applicazione dell'avanzo di amministrazione del 2022. Nel 2024 l'incremento del Fondo unico con la Giunta Todde \u00e8 stato di 80 milioni, a questi devono aggiungersi i 32 milioni di euro stanziati per la manutenzione delle strade. Si pu\u00f2 affermare dunque che nel 2024 l'incremento dei fondi trasferiti agli enti locali \u00e8 pari a 112 milioni\", aggiunge l'assessore.&nbsp;<\/p>\n\n\n\n<p>\"Faremo di tutto \u2013 conclude \u2013 per rappresentare al Governo il paradosso provocato da questi tagli lineari che non fanno altro che penalizzare le regioni gi\u00e0 in sofferenza come la nostra. Chiediamo un cambiamento di orientamento da parte del Governo e riaffermiamo il nostro impegno al fianco delle citt\u00e0 e dei paesi della Sardegna\". Com<\/p>\n","protected":false},"excerpt":{"rendered":"<p>Cagliari, 16 Feb 2025 &#8211; Gi\u00e0 a maggio del 2024 la Regione Sardegna, con l\u2019Assessorato Regionale degli Enti Locali, ha espresso fortissima preoccupazione per il&#8230;<\/p>\n","protected":false},"author":2,"featured_media":247654,"comment_status":"closed","ping_status":"open","sticky":false,"template":"","format":"standard","meta":[],"categories":[49,52],"tags":[],"_links":{"self":[{"href":"https:\/\/www.cronacaonline.it\/index.php\/wp-json\/wp\/v2\/posts\/256474"}],"collection":[{"href":"https:\/\/www.cronacaonline.it\/index.php\/wp-json\/wp\/v2\/posts"}],"about":[{"href":"https:\/\/www.cronacaonline.it\/index.php\/wp-json\/wp\/v2\/types\/post"}],"author":[{"embeddable":true,"href":"https:\/\/www.cronacaonline.it\/index.php\/wp-json\/wp\/v2\/users\/2"}],"replies":[{"embeddable":true,"href":"https:\/\/www.cronacaonline.it\/index.php\/wp-json\/wp\/v2\/comments?post=256474"}],"version-history":[{"count":1,"href":"https:\/\/www.cronacaonline.it\/index.php\/wp-json\/wp\/v2\/posts\/256474\/revisions"}],"predecessor-version":[{"id":256475,"href":"https:\/\/www.cronacaonline.it\/index.php\/wp-json\/wp\/v2\/posts\/256474\/revisions\/256475"}],"wp:featuredmedia":[{"embeddable":true,"href":"https:\/\/www.cronacaonline.it\/index.php\/wp-json\/wp\/v2\/media\/247654"}],"wp:attachment":[{"href":"https:\/\/www.cronacaonline.it\/index.php\/wp-json\/wp\/v2\/media?parent=256474"}],"wp:term":[{"taxonomy":"category","embeddable":true,"href":"https:\/\/www.cronacaonline.it\/index.php\/wp-json\/wp\/v2\/categories?post=256474"},{"taxonomy":"post_tag","embeddable":true,"href":"https:\/\/www.cronacaonline.it\/index.php\/wp-json\/wp\/v2\/tags?post=256474"}],"curies":[{"name":"wp","href":"https:\/\/api.w.org\/{rel}","templated":true}]}}