{"id":256441,"date":"2025-02-15T05:52:23","date_gmt":"2025-02-15T04:52:23","guid":{"rendered":"https:\/\/www.cronacaonline.it\/?p=256441"},"modified":"2025-02-15T05:52:25","modified_gmt":"2025-02-15T04:52:25","slug":"la-bruno-vespa-russa-maria-zakharova-attacca-mattarella-non-siamo-paragonabili-ai-nazisti-il-capo-dello-stato-aveva-paragonato-laggressione-russa-a-kiev-al-progetto-del-terzo-reich-in-europa","status":"publish","type":"post","link":"https:\/\/www.cronacaonline.it\/index.php\/2025\/02\/15\/la-bruno-vespa-russa-maria-zakharova-attacca-mattarella-non-siamo-paragonabili-ai-nazisti-il-capo-dello-stato-aveva-paragonato-laggressione-russa-a-kiev-al-progetto-del-terzo-reich-in-europa\/","title":{"rendered":"La Bruno Vespa russa, Maria Zakharova attacca Mattarella: &#8220;Non siamo paragonabili ai nazisti&#8221;. Il Capo dello Stato aveva paragonato l&#8217;aggressione russa a Kiev al progetto del Terzo Reich in Europa."},"content":{"rendered":"\n<p>Roma, 15 Feb 2025 - Non le aveva mandate a dire il Capo dello Stato il 5 febbraio scorso quando paragon\u00f2 l'aggressione russa all'Ucraina di tre anni fa al disegno di dominazione dell'Europa del Terzo Reich: \"Fenomeni di carattere autoritario presero il sopravvento in alcuni Paesi, attratti dalla favola che regimi dispotici e illiberali fossero pi\u00f9 efficaci nella tutela degli interessi nazionali\", aveva detto il Capo dello Stato, \"il risultato fu l'accentuarsi di un clima di conflitto - anzich\u00e9 di cooperazione - pur nella consapevolezza di dover affrontare e risolvere i problemi a una scala pi\u00f9 ampia. Ma, anzich\u00e9 cooperazione, a prevalere fu il criterio della dominazione. E furono guerre di conquista. Fu questo il progetto del Terzo Reich in Europa. L'odierna aggressione russa all'Ucraina \u00e8 di questa natura\".<\/p>\n\n\n\n<p>Oggi, nove giorni dopo e all'indomani della richiesta di Trump a Putin di trattare, arriva la risposta di Mosca: \"Invenzioni oltraggiose e blasfeme\" dice la portavoce del ministero degli Esteri russo, Maria Zakharova. \"Mattarella ha tracciato parallelismi storici scandalosi e francamente falsi tra la Russia e, come ha detto, la Germania nazista, mentre chiedeva che il fallimento della politica occidentale di 'appeasement' alla fine degli anni '30 venisse presa in considerazione nel negoziare la risoluzione del conflitto in Ucraina. \u00c8 impossibile anche solo dire una cosa del genere\". Assolutamente sereno, si legga quanto detto, replicano dal Quirinale.<\/p>\n\n\n\n<p>Comprensibile che a Mosca non piaccia passare per i nazisti del terzo millennio, ma le indignate parole di Maria Zakharova non entrano, e non possono entrare, nel merito della contestazione: i fatti, le testimonianze, le immagini di quello che la Russia ha fatto in Ucraina in tre anni di guerra sono incontestabili.<\/p>\n\n\n\n<p>In realt\u00e0, Mattarella ha detto anche un'altra cosa, forse ancora pi\u00f9 sgradita alle orecchie di Putin: parlando in occasione della Giornata del Ricordo il Capo dello Stato ha esortato i 27 a impegnarsi \"per favorire l'ingresso di nuovi membri (nell'Unione Europea ndr), i Paesi dei Balcani Occidentali che ne sono ancora esclusi, Ucraina e Moldova\". Se citare i Balcani Occidentali pu\u00f2 rientrare nella preparazione dell'imminente visita in Montenegro (Mattarella sar\u00e0 a Podgorica da luned\u00ec), dire che Moldova e soprattutto di Kiev devono entrare (o anche solo avvicinarsi) all'UE contrasta in principio la volont\u00e0 di Mosca di farne uno Stato vassallo, soprattutto il giorno dopo che i primatisti americani ora al potere a Washington si sono prodigati nell'accontentare Putin negando a Kiev la prospettiva di entrare nella Nato.<\/p>\n\n\n\n<p>Per un'Europa ancora in cerca di identit\u00e0 le parole di Mattarella sono una spinta verso la consapevolezza che i rapporti internazionale sono cambiati e serve maggiore unit\u00e0, per i nemici dell'Europa, a est come a ovest, sono una pietra d'inciampo.<\/p>\n","protected":false},"excerpt":{"rendered":"<p>Roma, 15 Feb 2025 &#8211; Non le aveva mandate a dire il Capo dello Stato il 5 febbraio scorso quando paragon\u00f2 l&#8217;aggressione russa all&#8217;Ucraina di&#8230;<\/p>\n","protected":false},"author":2,"featured_media":256075,"comment_status":"closed","ping_status":"open","sticky":false,"template":"","format":"standard","meta":[],"categories":[49,50],"tags":[],"_links":{"self":[{"href":"https:\/\/www.cronacaonline.it\/index.php\/wp-json\/wp\/v2\/posts\/256441"}],"collection":[{"href":"https:\/\/www.cronacaonline.it\/index.php\/wp-json\/wp\/v2\/posts"}],"about":[{"href":"https:\/\/www.cronacaonline.it\/index.php\/wp-json\/wp\/v2\/types\/post"}],"author":[{"embeddable":true,"href":"https:\/\/www.cronacaonline.it\/index.php\/wp-json\/wp\/v2\/users\/2"}],"replies":[{"embeddable":true,"href":"https:\/\/www.cronacaonline.it\/index.php\/wp-json\/wp\/v2\/comments?post=256441"}],"version-history":[{"count":1,"href":"https:\/\/www.cronacaonline.it\/index.php\/wp-json\/wp\/v2\/posts\/256441\/revisions"}],"predecessor-version":[{"id":256442,"href":"https:\/\/www.cronacaonline.it\/index.php\/wp-json\/wp\/v2\/posts\/256441\/revisions\/256442"}],"wp:featuredmedia":[{"embeddable":true,"href":"https:\/\/www.cronacaonline.it\/index.php\/wp-json\/wp\/v2\/media\/256075"}],"wp:attachment":[{"href":"https:\/\/www.cronacaonline.it\/index.php\/wp-json\/wp\/v2\/media?parent=256441"}],"wp:term":[{"taxonomy":"category","embeddable":true,"href":"https:\/\/www.cronacaonline.it\/index.php\/wp-json\/wp\/v2\/categories?post=256441"},{"taxonomy":"post_tag","embeddable":true,"href":"https:\/\/www.cronacaonline.it\/index.php\/wp-json\/wp\/v2\/tags?post=256441"}],"curies":[{"name":"wp","href":"https:\/\/api.w.org\/{rel}","templated":true}]}}