{"id":256400,"date":"2025-02-14T05:19:48","date_gmt":"2025-02-14T04:19:48","guid":{"rendered":"https:\/\/www.cronacaonline.it\/?p=256400"},"modified":"2025-02-14T05:19:51","modified_gmt":"2025-02-14T04:19:51","slug":"trump-che-ieri-ha-dimostrato-il-suo-totale-odio-contro-leuropa-sua-alleata-da-quasi-80-anni-ordina-di-imporre-dazi-commerciali-a-tutti-soprattutto-a-cina-ed-europa-ma-leuropa-ris","status":"publish","type":"post","link":"https:\/\/www.cronacaonline.it\/index.php\/2025\/02\/14\/trump-che-ieri-ha-dimostrato-il-suo-totale-odio-contro-leuropa-sua-alleata-da-quasi-80-anni-ordina-di-imporre-dazi-commerciali-a-tutti-soprattutto-a-cina-ed-europa-ma-leuropa-ris\/","title":{"rendered":"Trump, che ieri ha dimostrato il suo totale odio contro l\u2019Europa sua alleata da quasi 80 anni, ordina di imporre dazi commerciali a tutti, soprattutto a Cina ed Europa. Ma l\u2019Europa risponder\u00e0 con grande forza. L\u2019unica variamente \u00e8 la camicetta nera italiana che si schiera dalla parte di Trump."},"content":{"rendered":"\n<p>Washington, 24 Feb 2025 - \"L'Unione europea non ci tratta bene sul commercio\". Cos\u00ec il presidente degli Stati Uniti, Donald Trump, annunciando l'introduzione di dazi reciproci nei confronti degli alleati e dei rivali commerciali. \"Se ci impongono un dazio doganale o una tassa, noi applichiamo loro esattamente lo stesso dazio o tassa, \u00e8 semplice\", ha detto Trump dalla Casa Bianca, aggiungendo che sul piano commerciale gli alleati \"spesso si comportano peggio dei nostri nemici\", \"Se si guarda ai singoli Paesi e si osserva quanto ci fanno pagare, in quasi tutti i casi ci fanno pagare molto di pi\u00f9 di quanto noi facciamo pagare loro - ha detto - quei giorni sono finiti\".<\/p>\n\n\n\n<p>Sebbene l'annuncio di Trump sia di oggi, gioved\u00ec 13, in vigore non \u00e8 ancora entrato nulla: ci vorr\u00e0 un po' di tempo per sapere esattamente quali cambiamenti apporter\u00e0 l'amministrazione Usa. Howard Lutnick, nominato da Trump segretario al commercio ha detto ai giornalisti che presenteranno nuove cifre paese per paese entro il 2 aprile.<\/p>\n\n\n\n<p>Il presidente ha detto che le sue priorit\u00e0 sono gli esempi pi\u00f9 \"evidenti\" di iniquit\u00e0 nel commercio, compresi i Paesi che hanno grandi eccedenze commerciali e alti tassi tariffari. Un funzionario dell'amministrazione ha detto che Trump \"\u00e8 pi\u00f9 che felice di abbassare le tariffe se i Paesi vogliono abbassarle\". Ma l'amministrazione ha detto che prender\u00e0 in considerazione anche le altre imposte che i Paesi applicano alle merci importate. Peter Navarro, consigliere di Trump per il commercio, ha citato l'imposta sul valore aggiunto (IVA) dell'Unione Europea come \"manifesto\" di quella che l'amministrazione considera una tassa ingiusta, lo riporta il New York Times.&nbsp;<br>L'annuncio di Trump \u00e8 una di quelle mosse che cambiano le regole del gioco nell'attuale sistema commerciale mondiale, cos\u00ec come quelle sull'Ucraina o quella su Gaza stanno sconvolgendo relazioni politiche consolidate, e ancora una volta l'obiettivo \u00e8 l'Europa, oltre alla Cina. Non a caso Trump ha sottolineato che i nuovi dazi verranno applicati a partire da quei paesi con i quali gli Stati Uniti hanno il maggiore deficit commerciale. Saranno giorni difficili per l'Italia, che nel 2024 ha accumulato un surplus commerciale di quasi 44 miliardi di dollari con Washington. In Europa siamo secondi solo la Germania, che ha un surplus di circa 89 miliardi. Cifre ben lontane dai 295 miliardi di dollari di deficit che gli Usa hanno con Pechino o i 172 miliardi con il Messico, ma che ci mettono comunque in prima fila nel ricevere le sanzioni, mascherate da dazi, di Trump.<\/p>\n\n\n\n<p>I Paesi dell'Unione europea non impongono dazi sulle importazioni in modo autonomo: sono decisioni prese collettivamente a Bruxelles, e anche sul valore aggiunto i tassi applicati possono oscillare tra un minimo e un massimo. Le regole sono uguali per tutti, ma dati i valori degli sbilanci i Paesi pi\u00f9 colpiti saranno Germania e Italia. Ad Aprile si vedr\u00e0 se le \u2018relazioni speciali\u2019 con Trump e Musk hanno un significato reale.<\/p>\n","protected":false},"excerpt":{"rendered":"<p>Washington, 24 Feb 2025 &#8211; &#8220;L&#8217;Unione europea non ci tratta bene sul commercio&#8221;. Cos\u00ec il presidente degli Stati Uniti, Donald Trump, annunciando l&#8217;introduzione di dazi&#8230;<\/p>\n","protected":false},"author":2,"featured_media":255902,"comment_status":"closed","ping_status":"open","sticky":false,"template":"","format":"standard","meta":[],"categories":[49,51],"tags":[],"_links":{"self":[{"href":"https:\/\/www.cronacaonline.it\/index.php\/wp-json\/wp\/v2\/posts\/256400"}],"collection":[{"href":"https:\/\/www.cronacaonline.it\/index.php\/wp-json\/wp\/v2\/posts"}],"about":[{"href":"https:\/\/www.cronacaonline.it\/index.php\/wp-json\/wp\/v2\/types\/post"}],"author":[{"embeddable":true,"href":"https:\/\/www.cronacaonline.it\/index.php\/wp-json\/wp\/v2\/users\/2"}],"replies":[{"embeddable":true,"href":"https:\/\/www.cronacaonline.it\/index.php\/wp-json\/wp\/v2\/comments?post=256400"}],"version-history":[{"count":1,"href":"https:\/\/www.cronacaonline.it\/index.php\/wp-json\/wp\/v2\/posts\/256400\/revisions"}],"predecessor-version":[{"id":256401,"href":"https:\/\/www.cronacaonline.it\/index.php\/wp-json\/wp\/v2\/posts\/256400\/revisions\/256401"}],"wp:featuredmedia":[{"embeddable":true,"href":"https:\/\/www.cronacaonline.it\/index.php\/wp-json\/wp\/v2\/media\/255902"}],"wp:attachment":[{"href":"https:\/\/www.cronacaonline.it\/index.php\/wp-json\/wp\/v2\/media?parent=256400"}],"wp:term":[{"taxonomy":"category","embeddable":true,"href":"https:\/\/www.cronacaonline.it\/index.php\/wp-json\/wp\/v2\/categories?post=256400"},{"taxonomy":"post_tag","embeddable":true,"href":"https:\/\/www.cronacaonline.it\/index.php\/wp-json\/wp\/v2\/tags?post=256400"}],"curies":[{"name":"wp","href":"https:\/\/api.w.org\/{rel}","templated":true}]}}