{"id":256234,"date":"2025-02-10T09:17:43","date_gmt":"2025-02-10T08:17:43","guid":{"rendered":"https:\/\/www.cronacaonline.it\/?p=256234"},"modified":"2025-02-10T09:17:45","modified_gmt":"2025-02-10T08:17:45","slug":"a-6-artigiani-sassaresi-il-premio-nazionale-maestri-dopera-e-desperienza-da-confartigianato-sassari-il-riconoscimento-per-limpegno-la-passione-e-la-trasm","status":"publish","type":"post","link":"https:\/\/www.cronacaonline.it\/index.php\/2025\/02\/10\/a-6-artigiani-sassaresi-il-premio-nazionale-maestri-dopera-e-desperienza-da-confartigianato-sassari-il-riconoscimento-per-limpegno-la-passione-e-la-trasm\/","title":{"rendered":"A 6 artigiani sassaresi il premio nazionale \u201cMaestri d\u2019Opera e d\u2019Esperienza\u201d. Da Confartigianato Sassari il riconoscimento per l\u2019impegno, la passione e la trasmissione di saperi e valori."},"content":{"rendered":"\n<p>Cagliari, 10 Feb 2025 \u2013 Sei storici artigiani della provincia di Sassari sono stati insigniti del premio \u201cMaestri d\u2019opera e d\u2019esperienza\u201d, riconoscimento nazionale promosso da ANAP Confartigianato, l\u2019Associazione degli Anziani e Pensionati, per aver contribuito, con impegno, professionalit\u00e0, dedizione, competenza e passione, alla crescita e allo sviluppo dell\u2019artigianato nel Capoluogo e nella provincia, riuscendo anche a trasmettere saperi e valori.<\/p>\n\n\n\n<p>L\u2019onorificenza \u00e8 stata consegnata a Pasquale Casula, autotrasportatore, Giovanni Battista Idda, maestro edile, Pietro Ruggiu e Gavino Vacca, barbieri e parrucchieri, Costanzo Salis, esperto di edilizia ecologica, e Sebastiano Seddaiu, edile e scultore, dal Presidente di Confartigianato Sassari, Marco Rau, e dalla vice, Maria Amelia Lai, in occasione degli 80 anni della costituzione dell\u2019Organizzazione Artigiana sassarese.<\/p>\n\n\n\n<p>L\u2019iniziativa, che ha richiamato oltre cento partecipanti per omaggiare i protagonisti, \u00e8 stata aperta dal discorso del rieletto Presidente di Confartigianato Sassari che ha ripercorso la storia dell\u2019Associazione Artigiana che nell\u2019arco di 80 anni si \u00e8 sempre posta come riferimento sia per le imprese che per i cittadini dell\u2019intera provincia.<\/p>\n\n\n\n<p>\u201cOggi non premiamo solo l'eccellenza nel lavoro, ma il valore di una tradizione che si rinnova, la passione per il mestiere e la capacit\u00e0 di lasciare un segno nelle comunit\u00e0 e nelle generazioni future \u2013 ha affermato Marco Rau \u2013 il riconoscimento \u00e8 il sigillo di una vita spesa nell'arte del fare, nella precisione, nella fatica, nella soddisfazione di creare con le proprie mani opere che durano nel tempo\u201d.<\/p>\n\n\n\n<p>L\u2019Albo, infatti, nasce con l'obiettivo di tutelare e promuovere l'artigianato di qualit\u00e0, garantendo il passaggio generazionale di competenze fondamentali per mantenere un patrimonio economico e culturale, avendo anche un ruolo attivo nella formazione delle nuove generazioni, affinch\u00e9 il sapere artigiano non vada disperso.<\/p>\n\n\n\n<p>\u201cOggi pi\u00f9 che mai, in un mondo che corre veloce tra digitalizzazione e produzione di massa, l'importanza della manualit\u00e0, della creativit\u00e0 e dell\u2019esperienza \u00e8 un valore da custodire e da trasmettere \u2013 ha proseguito Rau \u2013 e questi nuovi Maestri rappresentano l\u2019anello di congiunzione tra la tradizione e l\u2019innovazione, tra il passato e il futuro del Made in Italy\u201d.<\/p>\n\n\n\n<p>Poi il ringraziamento finale da tutti i delegati di Confartigianato Sassari: \u201cGrazie per aver trasformato il vostro lavoro in arte, aver mantenuto vivi i saperi di un tempo e averli trasmessi alle nuove generazioni con lo stesso amore e dedizione con cui li avete appresi. Con l\u2019invito a continuare lo straordinario percorso che avete compiuto fino a oggi per essere faro di eccellenza e passione nel vostro mestiere\u201d. Com<\/p>\n","protected":false},"excerpt":{"rendered":"<p>Cagliari, 10 Feb 2025 \u2013 Sei storici artigiani della provincia di Sassari sono stati insigniti del premio \u201cMaestri d\u2019opera e d\u2019esperienza\u201d, riconoscimento nazionale promosso da&#8230;<\/p>\n","protected":false},"author":2,"featured_media":256235,"comment_status":"closed","ping_status":"open","sticky":false,"template":"","format":"standard","meta":[],"categories":[49,53],"tags":[],"_links":{"self":[{"href":"https:\/\/www.cronacaonline.it\/index.php\/wp-json\/wp\/v2\/posts\/256234"}],"collection":[{"href":"https:\/\/www.cronacaonline.it\/index.php\/wp-json\/wp\/v2\/posts"}],"about":[{"href":"https:\/\/www.cronacaonline.it\/index.php\/wp-json\/wp\/v2\/types\/post"}],"author":[{"embeddable":true,"href":"https:\/\/www.cronacaonline.it\/index.php\/wp-json\/wp\/v2\/users\/2"}],"replies":[{"embeddable":true,"href":"https:\/\/www.cronacaonline.it\/index.php\/wp-json\/wp\/v2\/comments?post=256234"}],"version-history":[{"count":1,"href":"https:\/\/www.cronacaonline.it\/index.php\/wp-json\/wp\/v2\/posts\/256234\/revisions"}],"predecessor-version":[{"id":256236,"href":"https:\/\/www.cronacaonline.it\/index.php\/wp-json\/wp\/v2\/posts\/256234\/revisions\/256236"}],"wp:featuredmedia":[{"embeddable":true,"href":"https:\/\/www.cronacaonline.it\/index.php\/wp-json\/wp\/v2\/media\/256235"}],"wp:attachment":[{"href":"https:\/\/www.cronacaonline.it\/index.php\/wp-json\/wp\/v2\/media?parent=256234"}],"wp:term":[{"taxonomy":"category","embeddable":true,"href":"https:\/\/www.cronacaonline.it\/index.php\/wp-json\/wp\/v2\/categories?post=256234"},{"taxonomy":"post_tag","embeddable":true,"href":"https:\/\/www.cronacaonline.it\/index.php\/wp-json\/wp\/v2\/tags?post=256234"}],"curies":[{"name":"wp","href":"https:\/\/api.w.org\/{rel}","templated":true}]}}