{"id":256226,"date":"2025-02-10T05:34:07","date_gmt":"2025-02-10T04:34:07","guid":{"rendered":"https:\/\/www.cronacaonline.it\/?p=256226"},"modified":"2025-02-10T05:34:10","modified_gmt":"2025-02-10T04:34:10","slug":"ordinazione-episcopale-di-monsignor-mario-farci","status":"publish","type":"post","link":"https:\/\/www.cronacaonline.it\/index.php\/2025\/02\/10\/ordinazione-episcopale-di-monsignor-mario-farci\/","title":{"rendered":"Ordinazione episcopale di monsignor Mario Farci."},"content":{"rendered":"\n<p>Cagliari, 10 Feb 2025 - Nella Basilica di Sant'Elena imperatrice in Quartu, questo pomeriggio, domenica 9 febbraio 2025, monsignor Mario Farci \u00e8 stato ordinato vescovo. A presiedere il rito l'arcivescovo monsignor Giuseppe Baturi, con-consacranti gli arcivescovi emeriti di Cagliari, Monsignor Giuseppe Mani e il cardinale Arrigo Miglio, e il vescovo emerito di Iglesias monsignor Giampaolo Zedda. Hanno concelebrato i vescovi delle altre diocesi sarde. Monsignor Farci prender\u00e0 possesso della sua sede episcopale domenica prossima, 16 febbraio.<\/p>\n\n\n\n<p>Presenti in Basilica, oltre i familiari del nuovo vescovo, un cospicuo numero di presbiteri appartenenti al clero cagliaritano e sulcitano. Tante le autorit\u00e0 civili e i fedeli che hanno voluto rendere omaggio a monsignor Farci, figlio della comunit\u00e0 ecclesiale quartese, in particolare di quella di Sant'Elena. Un aspetto che ha dato alla solenne celebrazione un valore aggiunto e significativo.<\/p>\n\n\n\n<p>L'arcivescovo Giuseppe Baturi nel corso dell'omelia ha ricordato che \u00abQuando don Mario mi ha chiesto di essere consacrante principale in questa celebrazione, ho pensato con una certa emozione che sono nella successione degli apostoli come anello di una ininterrotta catena di amore, di speranza e fede, di memoria e gratitudine. Questo caro don Mario, - ha sottolineato - \u00e8 il senso, cio\u00e8 l\u2019effetto della nostra missione: dilatare nello spazio e nel tempo la compassione e la verit\u00e0 di Cristo per gli uomini, quasi spingendo in avanti la Chiesa. \u00c8 la ragione della nostra speranza\u00bb.<\/p>\n\n\n\n<p>Il rito di ordinazione si inserisce nel contesto dell'Anno giubilare, dove \u00e8 il tema della Speranza a fare da sfondo. E di speranza, gratitudine, ricordi e aspettative \u00e8 stato denso il discorso di ringraziamento pronunciato dal nuovo vescovo al termine della celebrazione.<\/p>\n\n\n\n<p>\u00abLa celebrazione di questo pomeriggio - ha affermato - \u00e8 stata un atto d\u2019amore che Dio ha fatto nei confronti della mia debole e indegna persona e \u2013 soprattutto \u2013 nei confronti della sua Chiesa, quindi ci ciascuno di noi. Per questo insieme abbiamo reso grazie attraverso l\u2019Eucaristia. La Chiesa mi chiede di essere testimone dell\u2019amore di Dio nella \u201cVilla di Chiesa\u201d - ha proseguito - di annunciarle e testimoniarle che essa \u00e8 la casa amata da Dio e perci\u00f2 deve essere sua famiglia, in cui tutti e tutte hanno relazioni cordiali, amorevoli, accoglienti. In sintesi, questa \u00e8 la mia missione\u00bb.<\/p>\n","protected":false},"excerpt":{"rendered":"<p>Cagliari, 10 Feb 2025 &#8211; Nella Basilica di Sant&#8217;Elena imperatrice in Quartu, questo pomeriggio, domenica 9 febbraio 2025, monsignor Mario Farci \u00e8 stato ordinato vescovo.&#8230;<\/p>\n","protected":false},"author":2,"featured_media":256227,"comment_status":"closed","ping_status":"open","sticky":false,"template":"","format":"standard","meta":[],"categories":[49,53],"tags":[],"_links":{"self":[{"href":"https:\/\/www.cronacaonline.it\/index.php\/wp-json\/wp\/v2\/posts\/256226"}],"collection":[{"href":"https:\/\/www.cronacaonline.it\/index.php\/wp-json\/wp\/v2\/posts"}],"about":[{"href":"https:\/\/www.cronacaonline.it\/index.php\/wp-json\/wp\/v2\/types\/post"}],"author":[{"embeddable":true,"href":"https:\/\/www.cronacaonline.it\/index.php\/wp-json\/wp\/v2\/users\/2"}],"replies":[{"embeddable":true,"href":"https:\/\/www.cronacaonline.it\/index.php\/wp-json\/wp\/v2\/comments?post=256226"}],"version-history":[{"count":1,"href":"https:\/\/www.cronacaonline.it\/index.php\/wp-json\/wp\/v2\/posts\/256226\/revisions"}],"predecessor-version":[{"id":256228,"href":"https:\/\/www.cronacaonline.it\/index.php\/wp-json\/wp\/v2\/posts\/256226\/revisions\/256228"}],"wp:featuredmedia":[{"embeddable":true,"href":"https:\/\/www.cronacaonline.it\/index.php\/wp-json\/wp\/v2\/media\/256227"}],"wp:attachment":[{"href":"https:\/\/www.cronacaonline.it\/index.php\/wp-json\/wp\/v2\/media?parent=256226"}],"wp:term":[{"taxonomy":"category","embeddable":true,"href":"https:\/\/www.cronacaonline.it\/index.php\/wp-json\/wp\/v2\/categories?post=256226"},{"taxonomy":"post_tag","embeddable":true,"href":"https:\/\/www.cronacaonline.it\/index.php\/wp-json\/wp\/v2\/tags?post=256226"}],"curies":[{"name":"wp","href":"https:\/\/api.w.org\/{rel}","templated":true}]}}