{"id":255680,"date":"2025-01-27T15:22:42","date_gmt":"2025-01-27T14:22:42","guid":{"rendered":"https:\/\/www.cronacaonline.it\/?p=255680"},"modified":"2025-01-27T15:22:44","modified_gmt":"2025-01-27T14:22:44","slug":"prefettura-cagliari-giorno-della-memoria-27-gennaio-2025","status":"publish","type":"post","link":"https:\/\/www.cronacaonline.it\/index.php\/2025\/01\/27\/prefettura-cagliari-giorno-della-memoria-27-gennaio-2025\/","title":{"rendered":"Prefettura Cagliari &#8211; Giorno della memoria 27 gennaio 2025."},"content":{"rendered":"\n<p>Cagliari, 27 Gen 2025 - Questa mattina, presso l\u2019Auditorium del Conservatorio di Musica \u201cGiovanni Pierluigi da Palestrina\u201d a Cagliari, si \u00e8 tenuta una cerimonia commemorativa del \u201cGiorno della Memoria\u201d, in ricordo dello sterminio e delle persecuzioni del popolo ebraico e dei deportati militari e politici italiani nei campi nazisti.<\/p>\n\n\n\n<p>L\u2019appuntamento \u00e8 stato organizzato dal Conservatorio di Musica Giovanni Pierluigi da Palestrina, con la collaborazione della Prefettura di Cagliari, della Regione Autonoma della Sardegna, del Comune di Cagliari e del locale Ufficio Ambito Territoriale Scolastico.<\/p>\n\n\n\n<p>Oltre ai massimi rappresentanti delle Istituzioni del territorio e della societ\u00e0 civile, l\u2019appuntamento ha visto una massiccia partecipazione degli studenti delle scuole secondarie della provincia, che con grande interesse hanno condiviso i momenti di riflessione offerti dalla cerimonia.<\/p>\n\n\n\n<p>Dopo un saluto introduttivo del Presidente del Conservatorio Aldo Accardo, sono intervenuti il Presidente della Regione Autonoma della Sardegna Alessandra Todde, il Sindaco di Cagliari e della Citt\u00e0 Metropolitana di Cagliari Massimo Zedda, il Prefetto di Cagliari Giuseppe Castaldo, il Questore di Cagliari Rosanna Lavezzaro - che ha ricordato la figura del Questore Giovanni Palatucci, \u201cGiusto tra le nazioni\u201d - e il Dirigente Ambito Territoriale Scolastico di Cagliari Peppino Loddo.<\/p>\n\n\n\n<p>L\u2019intervento di Aurora Virzi, Presidente della Consulta Studentesca Provinciale \u00e8 stato seguito da quello dell\u2019Arcivescovo Metropolita della Diocesi di Cagliari Giuseppe Baturi che, con il suo autorevole messaggio, ha concluso la prima parte della cerimonia dedicata agli interventi istituzionali.<\/p>\n\n\n\n<p>Tutti hanno sottolineato l\u2019importanza della ricorrenza e la necessit\u00e0 di preservare e tramandare la memoria, specie tra le nuove generazioni, quale antidoto contro gli orrori del passato e monito per evitare che nuove forme di odio continuino a diffondersi nel presente.<\/p>\n\n\n\n<p>E\u2019 stata, inoltre, consegnata dal Prefetto di Cagliari Giuseppe Castaldo, unitamente al Sindaco di Assemini Mario Puddu, una Medaglia d\u2019onore commemorativa ai familiari del Sig.&nbsp; Salvatore Muscas, cittadino italiano deportato in Lituania.<\/p>\n\n\n\n<p>La seconda parte della cerimonia \u00e8 stata, invece, dedicata alle esibizioni musicali degli studenti del Liceo Artistico e Musicale Statale \u201cFoiso Fois\u201d di Cagliari ed \u00e8 proseguita con il \u201cConcerto della Memoria 2025\u201d a cura del Coro delle Voci Bianche, dei giovani cantori e dell\u2019Orchestra del Conservatorio di Musica \u201cGiovanni Pierluigi da Palestrina\u201d di Cagliari\u201d diretti dai Maestri Francesco Porceddu e Alberto Pollesel.<\/p>\n\n\n\n<p>Il Prefetto ha posto l\u2019attenzione sul dovere che le Istituzioni hanno nel sensibilizzare e stimolare l\u2019attenzione delle nuove generazioni: &lt;&lt;occorre trasmettere ai giovani, futuro del nostro Paese, una cultura della memoria, perch\u00e9 devono conoscere ci\u00f2 che \u00e8 avvenuto con le leggi razziali e con la tragedia della soluzione finale. La memoria \u00e8 un antidoto indispensabile contro i fantasmi del passato\u201d. Com<\/p>\n","protected":false},"excerpt":{"rendered":"<p>Cagliari, 27 Gen 2025 &#8211; Questa mattina, presso l\u2019Auditorium del Conservatorio di Musica \u201cGiovanni Pierluigi da Palestrina\u201d a Cagliari, si \u00e8 tenuta una cerimonia commemorativa&#8230;<\/p>\n","protected":false},"author":2,"featured_media":255681,"comment_status":"closed","ping_status":"open","sticky":false,"template":"","format":"standard","meta":[],"categories":[49,53],"tags":[],"_links":{"self":[{"href":"https:\/\/www.cronacaonline.it\/index.php\/wp-json\/wp\/v2\/posts\/255680"}],"collection":[{"href":"https:\/\/www.cronacaonline.it\/index.php\/wp-json\/wp\/v2\/posts"}],"about":[{"href":"https:\/\/www.cronacaonline.it\/index.php\/wp-json\/wp\/v2\/types\/post"}],"author":[{"embeddable":true,"href":"https:\/\/www.cronacaonline.it\/index.php\/wp-json\/wp\/v2\/users\/2"}],"replies":[{"embeddable":true,"href":"https:\/\/www.cronacaonline.it\/index.php\/wp-json\/wp\/v2\/comments?post=255680"}],"version-history":[{"count":1,"href":"https:\/\/www.cronacaonline.it\/index.php\/wp-json\/wp\/v2\/posts\/255680\/revisions"}],"predecessor-version":[{"id":255682,"href":"https:\/\/www.cronacaonline.it\/index.php\/wp-json\/wp\/v2\/posts\/255680\/revisions\/255682"}],"wp:featuredmedia":[{"embeddable":true,"href":"https:\/\/www.cronacaonline.it\/index.php\/wp-json\/wp\/v2\/media\/255681"}],"wp:attachment":[{"href":"https:\/\/www.cronacaonline.it\/index.php\/wp-json\/wp\/v2\/media?parent=255680"}],"wp:term":[{"taxonomy":"category","embeddable":true,"href":"https:\/\/www.cronacaonline.it\/index.php\/wp-json\/wp\/v2\/categories?post=255680"},{"taxonomy":"post_tag","embeddable":true,"href":"https:\/\/www.cronacaonline.it\/index.php\/wp-json\/wp\/v2\/tags?post=255680"}],"curies":[{"name":"wp","href":"https:\/\/api.w.org\/{rel}","templated":true}]}}