{"id":255016,"date":"2025-01-07T08:43:52","date_gmt":"2025-01-07T07:43:52","guid":{"rendered":"https:\/\/www.cronacaonline.it\/?p=255016"},"modified":"2025-01-07T08:43:55","modified_gmt":"2025-01-07T07:43:55","slug":"un-gesto-semplice-un-sorriso-prezioso-lepifania-di-auto-e-moto-depoca-sardegna-allospedale-microcitemico-di-cagliari","status":"publish","type":"post","link":"https:\/\/www.cronacaonline.it\/index.php\/2025\/01\/07\/un-gesto-semplice-un-sorriso-prezioso-lepifania-di-auto-e-moto-depoca-sardegna-allospedale-microcitemico-di-cagliari\/","title":{"rendered":"Un gesto semplice, un sorriso prezioso: l\u2019Epifania di Auto e Moto d\u2019Epoca Sardegna all\u2019Ospedale Microcitemico di Cagliari."},"content":{"rendered":"\n<p>Cagliari, 7 Gen 2025\u00a0\u2013 Piccole mani che stringono un giocattolo nuovo. Occhi che si accendono di stupore. Nell\u2019aria, una carezza di speranza. Ieri mattina, nel cuore delle festivit\u00e0 dell\u2019Epifania, l\u2019Associazione Auto e Moto d\u2019Epoca Sardegna\u00a0ha portato non solo doni, ma calore e vicinanza ai bambini ricoverati presso l\u2019Ospedale Microcitemico di Cagliari.<\/p>\n\n\n\n<p>La conferma della visita \u00e8 arrivata all\u2019ultimo, ma il tempo non \u00e8 stato un ostacolo. In poche ore, i membri dell\u2019associazione hanno acquistato giocattoli per ogni et\u00e0, per un\u2019iniziativa che \u00e8 un messaggio di speranza. A guidare la delegazione, la figura pi\u00f9 amata dai pi\u00f9 piccoli: la Befana che ha distribuito i doni uno ad uno, trasformando per un attimo le stanze dell\u2019ospedale in un luogo di festa.<\/p>\n\n\n\n<p>A rendere tutto pi\u00f9 speciale, il personale sanitario, che con dedizione ha partecipato alla distribuzione. Per chi ogni giorno affronta il dolore dei piccoli pazienti, la mattinata \u00e8 stata un soffio di leggerezza condivisa.<\/p>\n\n\n\n<p>\u201cNon ci sono state celebrazioni, nessun grande evento \u2013 ha detto&nbsp;Alessandro Casciu presidente dell\u2019Associazione Auto e Moto d\u2019Epoca Sardegna&nbsp;-&nbsp; solo una porta che si \u00e8 aperta e un sorriso che ha trovato la strada per entrare. \u00c8 questo il vero significato dell\u2019iniziativa: la responsabilit\u00e0 di esserci, senza clamore, l\u00e0 dove c\u2019\u00e8 bisogno\u201d.<\/p>\n\n\n\n<p>L'Associazione Auto e Moto d\u2019Epoca Sardegna, punto di riferimento per cultori e collezionisti, continua a dedicarsi con la convinzione che la passione per i motori possa essere anche uno strumento di solidariet\u00e0. Le iniziative guardano lontano, ma il cuore batte sempre per chi \u00e8 pi\u00f9 vicino. Com<\/p>\n","protected":false},"excerpt":{"rendered":"<p>Cagliari, 7 Gen 2025\u00a0\u2013 Piccole mani che stringono un giocattolo nuovo. Occhi che si accendono di stupore. Nell\u2019aria, una carezza di speranza. Ieri mattina, nel&#8230;<\/p>\n","protected":false},"author":2,"featured_media":255017,"comment_status":"closed","ping_status":"open","sticky":false,"template":"","format":"standard","meta":[],"categories":[49,53],"tags":[],"_links":{"self":[{"href":"https:\/\/www.cronacaonline.it\/index.php\/wp-json\/wp\/v2\/posts\/255016"}],"collection":[{"href":"https:\/\/www.cronacaonline.it\/index.php\/wp-json\/wp\/v2\/posts"}],"about":[{"href":"https:\/\/www.cronacaonline.it\/index.php\/wp-json\/wp\/v2\/types\/post"}],"author":[{"embeddable":true,"href":"https:\/\/www.cronacaonline.it\/index.php\/wp-json\/wp\/v2\/users\/2"}],"replies":[{"embeddable":true,"href":"https:\/\/www.cronacaonline.it\/index.php\/wp-json\/wp\/v2\/comments?post=255016"}],"version-history":[{"count":1,"href":"https:\/\/www.cronacaonline.it\/index.php\/wp-json\/wp\/v2\/posts\/255016\/revisions"}],"predecessor-version":[{"id":255018,"href":"https:\/\/www.cronacaonline.it\/index.php\/wp-json\/wp\/v2\/posts\/255016\/revisions\/255018"}],"wp:featuredmedia":[{"embeddable":true,"href":"https:\/\/www.cronacaonline.it\/index.php\/wp-json\/wp\/v2\/media\/255017"}],"wp:attachment":[{"href":"https:\/\/www.cronacaonline.it\/index.php\/wp-json\/wp\/v2\/media?parent=255016"}],"wp:term":[{"taxonomy":"category","embeddable":true,"href":"https:\/\/www.cronacaonline.it\/index.php\/wp-json\/wp\/v2\/categories?post=255016"},{"taxonomy":"post_tag","embeddable":true,"href":"https:\/\/www.cronacaonline.it\/index.php\/wp-json\/wp\/v2\/tags?post=255016"}],"curies":[{"name":"wp","href":"https:\/\/api.w.org\/{rel}","templated":true}]}}