{"id":254807,"date":"2024-12-30T14:30:56","date_gmt":"2024-12-30T13:30:56","guid":{"rendered":"https:\/\/www.cronacaonline.it\/?p=254807"},"modified":"2024-12-30T14:30:57","modified_gmt":"2024-12-30T13:30:57","slug":"comune-di-cagliari-ctm-viaggia-verso-una-flotta-a-emissioni-0-presentati-i-45-nuovi-mezzi-elettrici","status":"publish","type":"post","link":"https:\/\/www.cronacaonline.it\/index.php\/2024\/12\/30\/comune-di-cagliari-ctm-viaggia-verso-una-flotta-a-emissioni-0-presentati-i-45-nuovi-mezzi-elettrici\/","title":{"rendered":"Comune di Cagliari &#8211; Ctm viaggia verso una flotta a emissioni 0: presentati i 45 nuovi mezzi elettrici."},"content":{"rendered":"\n<p>Cagliari, 30 Dic 2024 - Sono 45. Sono elettrici, dotati di un sistema di ricarica con pantografo o plug-in e soprattutto sono pronti ad entrare in circolazione per le strade di Cagliari e dell'area metropolitana.<\/p>\n\n\n\n<p>Il Presidente di Ctm Spa, Carlo Andrea Arba, affiancato dal vice Sindaco Metropolitano di Cagliari e Consigliere con delega alla Mobilit\u00e0 e Trasporti, Francesco Lilliu, ha presentato oggi, luned\u00ec 30 dicembre 2024 nel deposito di viale Ciusa, i 45 nuovi mezzi elettrici operativi nell'area metropolitana di Cagliari, che vanno ad unirsi ai 69 mezzi sostenibili gi\u00e0 in funzione.<\/p>\n\n\n\n<p>Per un totale di 114 autobus elettrici che verranno integrati, entro il 2026, con altri 112 mezzi da analoghe caratteristiche gi\u00e0 acquistati grazie al finanziamento di 108 milioni di euro provenienti dal fondo PNRR che il Comune di Cagliari ha destinato a Ctm per cambiare il volto della citt\u00e0 e renderla sostenibile.<\/p>\n\n\n\n<p>\u201cL'obiettivo \u2013 ha spiegato il Presidente Ctm Carlo Andrea Arba - \u00e8 quello, entro il 2026, di avere una flotta che per l'80% sia formata da da mezzi a emissioni zero\u201d.<\/p>\n\n\n\n<p>\u201cI finanziamenti del PNRR \u2013 il pensiero del Sindaco Massimo Zedda impossibilitato a partecipare personalmente ma particolarmente vicino ai temi trattati - ci permettono di lavorare insieme per rendere la mobilit\u00e0 urbana pi\u00f9 sostenibile, efficiente e innovativa. La collaborazione con i vari enti prosegue positivamente con l\u2019obiettivo di erogare migliori servizi alla comunit\u00e0. L\u2019obiettivo \u00e8 quello di ampliarli a cittadine e cittadini dell\u2019intera Citt\u00e0 Metropolitana\u201d.<\/p>\n\n\n\n<p>Nel corso dell'incontro con la stampa, al quale hanno preso parte anche l'Assessora alla Mobilit\u00e0 del Comune di Quartu Sant'Elena, Elisabetta Atzori e il Direttore generale di Ctm Spa, Bruno Useli, \u00e8 stato anche presentato il servizio notturno che, realizzato con la collaborazione dell'Assessorato regionale dei Trasporti, ricalcher\u00e0 le modalit\u00e0 del sabato notte con le linee ER, 1N, 9N e L. Gli orari e i percorsi sono disponibili su Busfinder e sar\u00e0 presente il servizio di vigilanza. Sono validi tutti i titoli di viaggio.<\/p>\n\n\n\n<p>I nuovi autobus presentati sono cos\u00ec suddivisi: 38 autobus elettrici Solaris Urbino da 12 metri, dotati di un sistema di ricarica con pantografo, garantiscono affidabilit\u00e0 e efficienza nel servizio urbano;<\/p>\n\n\n\n<p>7 autobus Otokar da 6,6 metri: dotati di un sistema di ricarica plug-in, ideali per percorsi urbani.<\/p>\n\n\n\n<p>\u201cAbbiamo raggiunto un importante obiettivo, la milestone nel nostro percorso di transizione energetica. Grazie ai finanziamenti del PNRR che il Comune di Cagliari ha destinato alla nostra societ\u00e0 \u2013 ha proseguito il Presidente Arba - abbiamo potuto acquistare ben 157 nuovi autobus elettrici e oggi presentiamo altri 38 autobus da 12 metri e 7 autobus da 6,6 metri. Siamo circa a met\u00e0 dell\u2019opera, quasi al 40% della flotta elettrica. Entro il 2026, l'80% della nostra flotta sar\u00e0 a emissioni zero, portando benefici tangibili all'ambiente, ai nostri passeggeri e alla comunit\u00e0. I nuovi autobus rappresentano un salto di qualit\u00e0 non solo in termini di sostenibilit\u00e0 ma anche di tecnologia e comfort. Stiamo per affidare la gara da circa 10.500.000 Euro per le infrastrutture di ricarica nei punti strategici della citt\u00e0, come Viale La Plaia, Brotzu, Policlinico e Via Brigata Sassari, che garantiranno un servizio efficiente e all\u2019altezza delle esigenze dei cittadini. Parallelamente, guardiamo al futuro con interesse verso tecnologie come l\u2019idrogeno, per continuare a innovare e restare all\u2019avanguardia nel trasporto pubblico locale. Questi risultati sono il frutto di un impegno congiunto con la Regione Sardegna con la quale abbiamo in corso il contratto di servizio e con i nostri Soci: il Comune di Cagliari, la Citt\u00e0 Metropolitana di Cagliari e il Comune di Quartu Sant\u2019Elena. Ringrazio la struttura e il lavoro di squadra che ha permesso di completare un investimento strategico di ben 146 milioni di euro e che render\u00e0 Cagliari e l\u2019area metropolitana un esempio virtuoso di transizione energetica nel panorama italiano ed europeo\u201d.<br>\u201cNon posso che manifestare \u2013 il commento di Francesco Lilliu - grande soddisfazione per questo percorso comune che si sta affrontando gi\u00e0 da tempo sui temi della sicurezza e del benessere dei cittadini, sia di Cagliari che di tutta l'area metropolitana. Sono ben 431 mila i cittadini metropolitani che usufruiscono a vario titolo dei servizi CTM e spero che un giorno tutta l'area riesca a fruire al meglio del servizio offerto da un'azienda pubblica che \u00e8 tra le migliori in Italia. Frutto di un lavoro di grande sinergia tra il CTM e le amministrazioni interessate\u201d.<\/p>\n\n\n\n<p>\u201cQuesto lavoro ha aggiunto l'Assessora Atzori - \u00e8 fatto con costanza verso uno sviluppo sempre pi\u00f9 sostenibile. Anche Quartu sta puntando ai mezzi di questo tipo. Il Ctm \u00e8 un'azienda che funziona e lo vediamo anche quando chi arriva da altre citt\u00e0 nota come il servizio offerto sia funzionante e di ottimo livello\u201d.<\/p>\n\n\n\n<p>\u201cLa transizione energetica che stiamo affrontando \u2013 ha concluso il Direttore generale CTM Bruno Useli - rappresenta una sfida complessa in un momento storico in cui le tecnologie evolvono rapidamente e trovare la giusta soluzione sia a livello infrastrutturale che gestionale \u00e8 essenziale per garantire il nostro futuro. Stiamo lavorando per adattare le nostre infrastrutture, sviluppando un sistema integrato di ricarica che risponda alle esigenze operative di una flotta sempre pi\u00f9 diversificata. Questo richiede non solo investimenti significativi, ma anche una pianificazione accurata e una collaborazione stretta con enti pubblici e partner tecnologici. A livello gestionale, il passaggio dal diesel all\u2019elettrico implica un cambiamento radicale delle competenze richieste al nostro personale. Stiamo investendo in formazione continua per preparare i nostri conducenti e tutto il personale a gestire le nuove tecnologie e garantire un servizio all\u2019altezza delle aspettative dei passeggeri. Ricordo che partiamo gi\u00e0 da una flotta filoviaria di 32 filobus, 5 autobus da 18 metri ibridi, 11 autobus elettrici da 6 metri, 21 autobus elettrici da 12 metri, quindi con questi nuovi arrivi abbiamo gi\u00e0 in servizio 114 mezzi elettrici. Entro il 2026 attendiamo la consegna di altri 112 autobus: 12 autobus medi da 9,5 metri con ricarica plug-in, 40 autobus standard da 10,7 metri con ricarica plug-in, 42 ulteriori autobus da 12 metri con ricarica tramite pantografo e plug-in e 18 autobus snodati da 18 metri, anch'essi con doppia modalit\u00e0 di ricarica\u201d. Com<\/p>\n","protected":false},"excerpt":{"rendered":"<p>Cagliari, 30 Dic 2024 &#8211; Sono 45. Sono elettrici, dotati di un sistema di ricarica con pantografo o plug-in e soprattutto sono pronti ad entrare&#8230;<\/p>\n","protected":false},"author":2,"featured_media":188652,"comment_status":"closed","ping_status":"open","sticky":false,"template":"","format":"standard","meta":[],"categories":[49,53],"tags":[],"_links":{"self":[{"href":"https:\/\/www.cronacaonline.it\/index.php\/wp-json\/wp\/v2\/posts\/254807"}],"collection":[{"href":"https:\/\/www.cronacaonline.it\/index.php\/wp-json\/wp\/v2\/posts"}],"about":[{"href":"https:\/\/www.cronacaonline.it\/index.php\/wp-json\/wp\/v2\/types\/post"}],"author":[{"embeddable":true,"href":"https:\/\/www.cronacaonline.it\/index.php\/wp-json\/wp\/v2\/users\/2"}],"replies":[{"embeddable":true,"href":"https:\/\/www.cronacaonline.it\/index.php\/wp-json\/wp\/v2\/comments?post=254807"}],"version-history":[{"count":1,"href":"https:\/\/www.cronacaonline.it\/index.php\/wp-json\/wp\/v2\/posts\/254807\/revisions"}],"predecessor-version":[{"id":254808,"href":"https:\/\/www.cronacaonline.it\/index.php\/wp-json\/wp\/v2\/posts\/254807\/revisions\/254808"}],"wp:featuredmedia":[{"embeddable":true,"href":"https:\/\/www.cronacaonline.it\/index.php\/wp-json\/wp\/v2\/media\/188652"}],"wp:attachment":[{"href":"https:\/\/www.cronacaonline.it\/index.php\/wp-json\/wp\/v2\/media?parent=254807"}],"wp:term":[{"taxonomy":"category","embeddable":true,"href":"https:\/\/www.cronacaonline.it\/index.php\/wp-json\/wp\/v2\/categories?post=254807"},{"taxonomy":"post_tag","embeddable":true,"href":"https:\/\/www.cronacaonline.it\/index.php\/wp-json\/wp\/v2\/tags?post=254807"}],"curies":[{"name":"wp","href":"https:\/\/api.w.org\/{rel}","templated":true}]}}