{"id":254695,"date":"2024-12-23T15:35:01","date_gmt":"2024-12-23T14:35:01","guid":{"rendered":"https:\/\/www.cronacaonline.it\/?p=254695"},"modified":"2024-12-23T15:35:03","modified_gmt":"2024-12-23T14:35:03","slug":"erogazione-dei-servizi-di-igiene-urbana-per-le-festivita-natalizie","status":"publish","type":"post","link":"https:\/\/www.cronacaonline.it\/index.php\/2024\/12\/23\/erogazione-dei-servizi-di-igiene-urbana-per-le-festivita-natalizie\/","title":{"rendered":"Erogazione dei servizi di igiene urbana per le festivit\u00e0 natalizie."},"content":{"rendered":"\n<p>Cagliari, 23 Dic 2024 - In occasione delle festivit\u00e0 natalizie, la raccolta dei rifiuti a Cagliari non subir\u00e0 variazioni o interruzioni nei giorni del 25 e 26 dicembre 2024, cos\u00ec come l'1 ed il 6 gennaio 2025. Pertanto, gli utenti sono invitati a seguire il calendario di raccolta gi\u00e0 in possesso delle utenze domestiche e non domestiche.<\/p>\n\n\n\n<p>Giova ricordare, inoltre, che gli ecocentri di viale Sant\u2019Elia e di via San Paolo, insieme alle isole ecologiche di via Pisano, angolo via Newton, e del parcheggio di piazza Puglie, osserveranno i seguenti orari durante il periodo festivo:<\/p>\n\n\n\n<p>Marted\u00ec 24 e 31 dicembre, apertura dalle ore 8 alle ore 14;<\/p>\n\n\n\n<p>Mercoled\u00ec 25 e gioved\u00ec 26 dicembre, mercoled\u00ec 1 e luned\u00ec 6 gennaio, chiusura per l\u2019intera giornata;<\/p>\n\n\n\n<p>Domenica 22 e 29 dicembre e 5 gennaio, apertura dalle ore 8 alle ore 20.<\/p>\n\n\n\n<p>Il Centro informazioni di viale Ciusa n. 133 chiuder\u00e0 al pubblico nel turno pomeridiano di marted\u00ec 24 e 31 dicembre alle ore 14, rimanendo chiuso nelle giornate del 25 e 26 dicembre 2024 e nei giorni 1 e 6 gennaio 2025.<\/p>\n\n\n\n<p>Il Centro del riuso di Contivecchi n. 8 rester\u00e0 invece chiuso per l\u2019intera giornata di mercoled\u00ec 25 dicembre 2024 e mercoled\u00ec 1 gennaio 2025. Sar\u00e0 invece aperto luned\u00ec 23 e 30 dicembre, sabato 28 dicembre e 4 gennaio, con il consueto orario dalle ore 10 alle ore 18.<\/p>\n\n\n\n<p>Le cittadine e i cittadini sono invitati a rispettare le disposizioni sopraindicate e a collaborare per garantire un servizio di igiene urbana efficiente durante il periodo festivo. Com<\/p>\n","protected":false},"excerpt":{"rendered":"<p>Cagliari, 23 Dic 2024 &#8211; In occasione delle festivit\u00e0 natalizie, la raccolta dei rifiuti a Cagliari non subir\u00e0 variazioni o interruzioni nei giorni del 25&#8230;<\/p>\n","protected":false},"author":2,"featured_media":125888,"comment_status":"closed","ping_status":"open","sticky":false,"template":"","format":"standard","meta":[],"categories":[49,53],"tags":[],"_links":{"self":[{"href":"https:\/\/www.cronacaonline.it\/index.php\/wp-json\/wp\/v2\/posts\/254695"}],"collection":[{"href":"https:\/\/www.cronacaonline.it\/index.php\/wp-json\/wp\/v2\/posts"}],"about":[{"href":"https:\/\/www.cronacaonline.it\/index.php\/wp-json\/wp\/v2\/types\/post"}],"author":[{"embeddable":true,"href":"https:\/\/www.cronacaonline.it\/index.php\/wp-json\/wp\/v2\/users\/2"}],"replies":[{"embeddable":true,"href":"https:\/\/www.cronacaonline.it\/index.php\/wp-json\/wp\/v2\/comments?post=254695"}],"version-history":[{"count":1,"href":"https:\/\/www.cronacaonline.it\/index.php\/wp-json\/wp\/v2\/posts\/254695\/revisions"}],"predecessor-version":[{"id":254696,"href":"https:\/\/www.cronacaonline.it\/index.php\/wp-json\/wp\/v2\/posts\/254695\/revisions\/254696"}],"wp:featuredmedia":[{"embeddable":true,"href":"https:\/\/www.cronacaonline.it\/index.php\/wp-json\/wp\/v2\/media\/125888"}],"wp:attachment":[{"href":"https:\/\/www.cronacaonline.it\/index.php\/wp-json\/wp\/v2\/media?parent=254695"}],"wp:term":[{"taxonomy":"category","embeddable":true,"href":"https:\/\/www.cronacaonline.it\/index.php\/wp-json\/wp\/v2\/categories?post=254695"},{"taxonomy":"post_tag","embeddable":true,"href":"https:\/\/www.cronacaonline.it\/index.php\/wp-json\/wp\/v2\/tags?post=254695"}],"curies":[{"name":"wp","href":"https:\/\/api.w.org\/{rel}","templated":true}]}}