{"id":254664,"date":"2024-12-22T19:23:41","date_gmt":"2024-12-22T18:23:41","guid":{"rendered":"https:\/\/www.cronacaonline.it\/?p=254664"},"modified":"2024-12-22T19:23:43","modified_gmt":"2024-12-22T18:23:43","slug":"condizioni-meteorologiche-avverse-per-vento-e-mareggiate-dalle-15-del-22-alle-2359-del-23-dicembre-2024","status":"publish","type":"post","link":"https:\/\/www.cronacaonline.it\/index.php\/2024\/12\/22\/condizioni-meteorologiche-avverse-per-vento-e-mareggiate-dalle-15-del-22-alle-2359-del-23-dicembre-2024\/","title":{"rendered":"Condizioni meteorologiche avverse per vento e mareggiate dalle 15 del 22 alle 23,59 del 23 dicembre 2024."},"content":{"rendered":"\n<p>Cagliari, 22 Dic 2024 - Il Settore Meteo del Centro Funzionale Decentrato di Protezione Civile della Regione Sardegna ha diramato un Avviso di Condizioni Meteorologiche avverse per vento e mareggiate che sar\u00e0 in vigore dalle 15 di oggi, domenica 22 alle 23,59i di domani 23 dicembre 2024.<\/p>\n\n\n\n<p>La situazione meteo ha portato alla chiusura, con decorrenza immediata, dei parchi e cimiteri cittadini disposta con Ordinanza n.122 firmata oggi, domenica 22, dal Sindaco di Cagliari Massimo Zedda. Il provvedimento non riguarda le attivit\u00e0 legate alla ricezione delle salme e ad altre attivit\u00e0 di polizia mortuaria e sar\u00e0 in vigore fino al cessare delle condizioni meteo eccezionalmente avverse.<\/p>\n\n\n\n<p>Secondo quanto si legge nell\u2019Avviso, sono previsti \u201cventi dai quadranti occidentali, in rinforzo e in rotazione verso nord-ovest col passare delle ore. Sulla costa occidentale, sulla costa settentrionale e nelle zone di montagna, i venti raggiungeranno valori medi sino a&nbsp;Burrasca e raffiche fino a tempesta\u201d.<\/p>\n\n\n\n<p>Prescrizioni particolari sono state adottate per Pirri. Il Servizio di Protezione Civile del Comune di Cagliari ha, infatti, reso note le norme di comportamento che interessano gli abitanti della Municipalit\u00e0, in modo da evitare possibili situazioni di pericolo per l\u2019incolumit\u00e0 pubblica.<\/p>\n\n\n\n<p>Secondo l\u2019Avviso \u00e8 opportuno evitare di parcheggiare nelle vie: Balilla (dalla Piazza Italia sino alla via Dandolo) e traverse, Italia, Dolianova, Sinnai, Settimo, Mara, Donori, Santorre Di Santarosa, Confalonieri e Ampere.<\/p>\n\n\n\n<p>Le auto parcheggiate nelle sopraccitate vie possono essere spostate nel parcheggio della piscina di Terramaini in via Pisano.<\/p>\n\n\n\n<p>Con l'obiettivo di tutelare ulteriormente la sicurezza e l'incolumit\u00e0 pubblica, in presenza di fenomeni temporaleschi i cittadini sono inoltre invitati a prestare la massima attenzione e ad attivare le misure di autoprotezione.<\/p>\n","protected":false},"excerpt":{"rendered":"<p>Cagliari, 22 Dic 2024 &#8211; Il Settore Meteo del Centro Funzionale Decentrato di Protezione Civile della Regione Sardegna ha diramato un Avviso di Condizioni Meteorologiche&#8230;<\/p>\n","protected":false},"author":2,"featured_media":195160,"comment_status":"closed","ping_status":"open","sticky":false,"template":"","format":"standard","meta":[],"categories":[49,53],"tags":[],"_links":{"self":[{"href":"https:\/\/www.cronacaonline.it\/index.php\/wp-json\/wp\/v2\/posts\/254664"}],"collection":[{"href":"https:\/\/www.cronacaonline.it\/index.php\/wp-json\/wp\/v2\/posts"}],"about":[{"href":"https:\/\/www.cronacaonline.it\/index.php\/wp-json\/wp\/v2\/types\/post"}],"author":[{"embeddable":true,"href":"https:\/\/www.cronacaonline.it\/index.php\/wp-json\/wp\/v2\/users\/2"}],"replies":[{"embeddable":true,"href":"https:\/\/www.cronacaonline.it\/index.php\/wp-json\/wp\/v2\/comments?post=254664"}],"version-history":[{"count":1,"href":"https:\/\/www.cronacaonline.it\/index.php\/wp-json\/wp\/v2\/posts\/254664\/revisions"}],"predecessor-version":[{"id":254665,"href":"https:\/\/www.cronacaonline.it\/index.php\/wp-json\/wp\/v2\/posts\/254664\/revisions\/254665"}],"wp:featuredmedia":[{"embeddable":true,"href":"https:\/\/www.cronacaonline.it\/index.php\/wp-json\/wp\/v2\/media\/195160"}],"wp:attachment":[{"href":"https:\/\/www.cronacaonline.it\/index.php\/wp-json\/wp\/v2\/media?parent=254664"}],"wp:term":[{"taxonomy":"category","embeddable":true,"href":"https:\/\/www.cronacaonline.it\/index.php\/wp-json\/wp\/v2\/categories?post=254664"},{"taxonomy":"post_tag","embeddable":true,"href":"https:\/\/www.cronacaonline.it\/index.php\/wp-json\/wp\/v2\/tags?post=254664"}],"curies":[{"name":"wp","href":"https:\/\/api.w.org\/{rel}","templated":true}]}}