{"id":254624,"date":"2024-12-21T09:40:29","date_gmt":"2024-12-21T08:40:29","guid":{"rendered":"https:\/\/www.cronacaonline.it\/?p=254624"},"modified":"2024-12-21T09:40:32","modified_gmt":"2024-12-21T08:40:32","slug":"musica-mostre-mercatini-gli-appuntamenti-del-natale-entrano-nel-vivo-aspettando-il-concerto-di-capodanno-con-irene-grandi","status":"publish","type":"post","link":"https:\/\/www.cronacaonline.it\/index.php\/2024\/12\/21\/musica-mostre-mercatini-gli-appuntamenti-del-natale-entrano-nel-vivo-aspettando-il-concerto-di-capodanno-con-irene-grandi\/","title":{"rendered":"Musica, mostre, mercatini: gli appuntamenti del Natale entrano nel vivo, aspettando il concerto di Capodanno con Irene Grandi."},"content":{"rendered":"\n<p>Bosa (Nu), 21 Dic 2024 - Entra nel vivo il cartellone di eventi organizzati dal Comune di Bosa e dai tanti partner per animare le festivit\u00e0 natalizie, che vedr\u00e0 il suo culmine nel concerto di Capodanno, la notte del 31 dicembre, in piazza Dante con Irene Grandi.<\/p>\n\n\n\n<p>Questa sera dalle 17.30&nbsp;in corso Vittorio Emanuele e piazza Dante festa con l\u2019esibizione della band musicale&nbsp;Mescal.<\/p>\n\n\n\n<p>Domenica 22 dicembre&nbsp;spazio all\u2019arte e alla tradizione con l\u2019inaugurazione, alle ore 10, della mostra di&nbsp;Anna Gardu \u201cDolci e Arte \u2013 Filet &amp; Filigrana\u201d, in esposizione al Museo civico Casa Deriu fino al 31 gennaio 2025, a cura dell\u2019Associazione Horo.<\/p>\n\n\n\n<p>Dalle 16 in piazza IV Novembre \u201cGli scout incontrano i bambini\u201d, con giochi e distribuzione di caldarroste.<\/p>\n\n\n\n<p>A seguire, sempre in via IV Novembre, l\u2019associazione&nbsp;Su Beranu&nbsp;intratterr\u00e0 il pubblico con i balli tradizionali sardi.<\/p>\n\n\n\n<p>Il divertimento e la musica proseguiranno&nbsp;luned\u00ec 23 dicembre&nbsp;con l\u2019esibizione del duo acustico&nbsp;SP46, dalle 17.30 in corso Vittorio Emanuele.<\/p>\n\n\n\n<p>La sera della vigilia di Natale, il&nbsp;24 dicembre, nelle vie del centro citt\u00e0, \u201cFai sorridere un bambino\u201d, campagna di raccolta regali per bambini svantaggiati, foto con Babbo Natale e distribuzione di doni e dolci ai bimbi, a cura dell\u2019associazione street food&nbsp;Sos Amigos.<\/p>\n\n\n\n<p>Dal&nbsp;28 dicembre,&nbsp;l\u2019associazione&nbsp;Sardina4all&nbsp;far\u00e0 entrare Bosa nel clima di festeggiamenti per l\u2019arrivo del nuovo anno, con tre serate che scandiranno l\u2019attesa della notte di San Silvestro.<\/p>\n\n\n\n<p>Il 28 la manifestazione \u201cMusica nel Borgo\u201d: esibizioni di live band in piazza IV Novembre, piazza Gioberti e corso Vittorio Emanuele.<\/p>\n\n\n\n<p>Luned\u00ec 30 dicembre&nbsp;\u201cAspettando il Capodanno\u201d, in piazza Dante, dalle ore 20 aprir\u00e0 la serata una sessione di dj set, per poi lasciare la scena alla performance live dei&nbsp;Train To Roots.<\/p>\n\n\n\n<p>Marted\u00ec 31 dicembre l\u2019evento clou dell\u2019insieme di festeggiamenti: il concerto in piazza Dante di Irene Grandi, aperto alle 20 da una sessione di dj set.<\/p>\n\n\n\n<p>Gli appuntamenti non si esauriscono con l\u2019arrivo del 2025, ma continuano&nbsp;domenica 5 gennaio&nbsp;con la manifestazione \u201cA sa palte \u00e8 cantare\u201d a cura dell\u2019associazione culturale&nbsp;Coro di Bosa, dalle 17 per le vie del centro storico.<\/p>\n\n\n\n<p>All\u2019Epifania,&nbsp;luned\u00ec 6 gennaio&nbsp;il cartellone di eventi si chiuder\u00e0 nelle vie del centro citt\u00e0 con \u201cFai sorridere un bambino\u201d, campagna di raccolta regali per bambini svantaggiati con la Befana che distribuir\u00e0 doni e dolci a bimbi, anche questo a cura dell\u2019Associazione street food \u201cSos Amigos\u201d.<\/p>\n\n\n\n<p>\u00abQuest'anno l\u2019Amministrazione comunale ha voluto valorizzare le potenzialit\u00e0 del settore turistico e culturale su cui Bosa pu\u00f2 contare, organizzando numerosi eventi, non solo per le festivit\u00e0 natalizie\u00bb, commenta l\u2019assessore al Turismo, Cultura e Attivit\u00e0 produttive, Marco Mannu. \u00abGi\u00e0 dal nostro insediamento abbiamo rivolto il nostro impegno verso la cultura e gli spettacoli: abbiamo iniziato con una esibizione importante sulla spiaggia e ora chiuderemo l'anno con una delle artiste italiane pi\u00f9 importanti e apprezzate, Irene Grandi. Il tutto dando spazio e promuovendo i vari ambiti culturali, musicali, e artistici, come, per esempio, la mostra dell'artista Anna Gardu che coniuga la sua arte con il nostro filet e la filigrana\u00bb.<\/p>\n\n\n\n<p>L\u2019insieme degli eventi proposti per le festivit\u00e0 natalizie sono organizzati dal Comune di Bosa, con il sostegno dell\u2019assessorato del Turismo, Artigianato e Commercio della Regione Autonoma della Sardegna, e del programma \u201cNatale nel Cuore della Sardegna\u201d della Camera di commercio di Nuoro, in collaborazione con l\u2019associazione culturale Sardina4all e Bosa Citt\u00e0 dei Colori. Com<\/p>\n","protected":false},"excerpt":{"rendered":"<p>Bosa (Nu), 21 Dic 2024 &#8211; Entra nel vivo il cartellone di eventi organizzati dal Comune di Bosa e dai tanti partner per animare le&#8230;<\/p>\n","protected":false},"author":2,"featured_media":254625,"comment_status":"closed","ping_status":"open","sticky":false,"template":"","format":"standard","meta":[],"categories":[49,53],"tags":[],"_links":{"self":[{"href":"https:\/\/www.cronacaonline.it\/index.php\/wp-json\/wp\/v2\/posts\/254624"}],"collection":[{"href":"https:\/\/www.cronacaonline.it\/index.php\/wp-json\/wp\/v2\/posts"}],"about":[{"href":"https:\/\/www.cronacaonline.it\/index.php\/wp-json\/wp\/v2\/types\/post"}],"author":[{"embeddable":true,"href":"https:\/\/www.cronacaonline.it\/index.php\/wp-json\/wp\/v2\/users\/2"}],"replies":[{"embeddable":true,"href":"https:\/\/www.cronacaonline.it\/index.php\/wp-json\/wp\/v2\/comments?post=254624"}],"version-history":[{"count":1,"href":"https:\/\/www.cronacaonline.it\/index.php\/wp-json\/wp\/v2\/posts\/254624\/revisions"}],"predecessor-version":[{"id":254626,"href":"https:\/\/www.cronacaonline.it\/index.php\/wp-json\/wp\/v2\/posts\/254624\/revisions\/254626"}],"wp:featuredmedia":[{"embeddable":true,"href":"https:\/\/www.cronacaonline.it\/index.php\/wp-json\/wp\/v2\/media\/254625"}],"wp:attachment":[{"href":"https:\/\/www.cronacaonline.it\/index.php\/wp-json\/wp\/v2\/media?parent=254624"}],"wp:term":[{"taxonomy":"category","embeddable":true,"href":"https:\/\/www.cronacaonline.it\/index.php\/wp-json\/wp\/v2\/categories?post=254624"},{"taxonomy":"post_tag","embeddable":true,"href":"https:\/\/www.cronacaonline.it\/index.php\/wp-json\/wp\/v2\/tags?post=254624"}],"curies":[{"name":"wp","href":"https:\/\/api.w.org\/{rel}","templated":true}]}}