{"id":254598,"date":"2024-12-20T11:44:14","date_gmt":"2024-12-20T10:44:14","guid":{"rendered":"https:\/\/www.cronacaonline.it\/?p=254598"},"modified":"2024-12-20T11:44:17","modified_gmt":"2024-12-20T10:44:17","slug":"einstein-telescope-firmato-un-accordo-inter-enti-per-la-promozione-della-candidatura-di-sos-enattos","status":"publish","type":"post","link":"https:\/\/www.cronacaonline.it\/index.php\/2024\/12\/20\/einstein-telescope-firmato-un-accordo-inter-enti-per-la-promozione-della-candidatura-di-sos-enattos\/","title":{"rendered":"Einstein Telescope: firmato un accordo inter-enti per la promozione della candidatura di Sos Enattos."},"content":{"rendered":"\n<p>Cagliari, 20 Dic 2024 \u2013 Ieri pomeriggio, nel corso di una videoconferenza, la Presidente della Regione autonoma della Sardegna, Alessandra Todde, i Rettori delle Universit\u00e0 di Cagliari e Sassari, Francesco Mola e Gavino Mariotti, e i Presidenti dell\u2019Istituto Nazionale di Fisica Nucleare (INFN), Istituto Nazionale di Astrofisica (INAF) e Istituto Nazionale di Geofisica e Vulcanologia (INGV), Antonio Zoccoli, Roberto Ragazzoni e Carlo Doglioni, hanno firmato un accordo inter-enti per il coordinamento e la promozione in Sardegna di iniziative a supporto della candidatura del sito minerario di Sos Enattos per ospitare\u00a0 l\u2019Einstein Telescope (ET), futura infrastruttura europea per la ricerca di onde gravitazionali.<\/p>\n\n\n\n<p>L\u2019obiettivo dell\u2019accordo, di cui la Regione Sardegna \u00e8 capofila, \u00e8 creare un coordinamento permanente per il sostegno alla candidatura dell\u2019area intorno alla miniera dismessa nel comune di Lula (NU), che faciliti la realizzazione di azioni comuni tra gli enti coinvolti. Tali iniziative avranno sia una finalit\u00e0 promozionale - come il rafforzamento della sensibilizzazione e dell\u2019informazione sulla candidatura, la promozione territoriale e la valorizzazione dell\u2019identit\u00e0 culturale e del patrimonio archeologico - sia una pi\u00f9 strettamente scientifica e didattica, come la formazione in ambito scientifico e tecnico e la promozione di attivit\u00e0 di ricerca in diversi ambiti chiave per ET, dalla geologia all\u2019architettura fino all\u2019ingegneria, passando per l\u2019impatto ambientale e socio-economico. Inoltre, tra le azioni citate nell\u2019accordo non mancano anche iniziative di carattere strategico per il territorio, come il rafforzamento dei trasporti aerei e stradali, lo studio di soluzioni per la mobilit\u00e0 sostenibile compatibili con ET, la creazione di scuole internazionali e altre iniziative che favoriscano l\u2019accoglienza di ricercatrici e ricercatori stranieri.<\/p>\n\n\n\n<p>Il coordinamento delle attivit\u00e0 previste dall\u2019accordo sar\u00e0 affidato a un comitato di gestione composto da sei membri (uno per ogni ente coinvolto) e presieduto dalla Regione Sardegna.<\/p>\n\n\n\n<p>\u00abTenevamo molto alla firma di questo accordo - dichiara Alessandra Todde, Presidente della Regione Sardegna, ente capofila - che fa seguito alle delibere e ai finanziamenti gi\u00e0 <a>messi in campo<\/a> nelle scorse settimane. Einstein Telescope \u00e8 per noi una infrastruttura strategica per la quale stiamo lavorando sin dal primo giorno. L'accordo firmato oggi ci vede in prima linea nella promozione della candidatura e di tutto il territorio, costruendo momenti coordinati e partecipati in tutte le aree della Regione. Vogliamo fare squadra con le universit\u00e0 e con gli enti di ricerca, rendendo partecipi le cittadine e i cittadini della Sardegna\u00bb, conclude Todde.<\/p>\n\n\n\n<p>Un ruolo fondamentale nella candidatura sarda per Einstein Telescope, \u00e8 giocato dalle universit\u00e0 del territorio, come sottolinea Francesco Mola, Rettore dell\u2019Universit\u00e0 di Cagliari: \u00abLa nostra universit\u00e0 \u00e8 orgogliosa di essere parte integrante di questa iniziativa, che non solo conferma il valore strategico del nostro territorio, ma mette anche in luce le eccellenze scientifiche e accademiche che siamo in grado di offrire. Questo accordo dimostra la forza della sinergia tra istituti nazionali, universit\u00e0, enti pubblici, realt\u00e0 industriali e la comunit\u00e0 locale\u00bb.<\/p>\n\n\n\n<p>\u00abL'Universit\u00e0 degli studi di Sassari sostiene con convinzione il progetto ET a Lula fin dal principio\u00bb, aggiunge il Rettore dell\u2019ateneo sassarese Gavino Mariotti. \u00abL'Einstein Telescope \u00e8 molto pi\u00f9 di un progetto di ricerca, \u00e8 un'occasione di rinascita per l'intera isola che oggi soffre di un calo demografico senza precedenti. ET avrebbe in s\u00e9 la forza di far crescere nuova linfa e nuove menti, innescando in Sardegna processi virtuosi di ampia portata. Questo accordo dimostra che le istituzioni sono pronte a collaborare tra loro per importanti obiettivi comuni\u00bb.<\/p>\n\n\n\n<p>Le sfide scientifiche di ET richiedono una forte cooperazione tra le istituzioni del territorio e gli enti di ricerca coinvolti, che sar\u00e0 rafforzata dalla firma dell\u2019accordo. \u00abEinstein Telescope \u00e8 un progetto di portata scientifica mondiale, ospitare questa grande infrastruttura di ricerca in Sardegna sarebbe un risultato di straordinario valore, per il territorio e per tutto il Paese\u00bb, sottolinea il presidente dell'INFN Antonio Zoccoli. \u00abPer riuscire in questa impresa \u00e8 determinante che Einstein Telescope sia un progetto di tutti, sia il pi\u00f9 possibile condiviso: dalla societ\u00e0 civile, dalle istituzioni, dalla comunit\u00e0 scientifica. Bisogna essere uniti. Questo \u00e8 il senso dell'accordo sottoscritto oggi, il primo interistituzionale, che sancisce formalmente una collaborazione che \u00e8 gi\u00e0 in atto, e la dota di un comitato di coordinamento il cui ruolo sar\u00e0 fondamentale per promuovere azioni efficaci nel quadro di una strategia comune. Einstein Telescope \u00e8 una sfida importante e impegnativa che possiamo vincere\u00bb, conclude Zoccoli.<\/p>\n\n\n\n<p>\u00abPer l\u2019Inaf questo accordo rappresenta una duplice conferma della sua vocazione istituzionale allo sviluppo della ricerca astrofisica dai migliori siti e con la migliore tecnologia a disposizione\u00bb, dichiara il Presidente dell\u2019INAF Roberto Ragazzoni. \u00abConferma la bont\u00e0 del sito che, con il suo silenzio sismico, rappresenta il migliore possibile in ambito europeo, in una regione che gi\u00e0 ospita il radiotelescopio di San Basilio, gestito dall\u2019Osservatorio Astronomico di Cagliari, una delle nostre strutture pi\u00f9 importanti. Conferma anche l\u2019impegno in termini di sviluppo tecnologico perch\u00e9 il nostro Istituto intende portare sul sito di Sos Enattos le migliori tecnologie per la manipolazione della luce e delle osservazioni a grandissimo campo, proprio per affinare le capacit\u00e0 di cogliere le controparti ottiche di quei fenomeni celesti che saranno scrutati dal sensibilissimo Einstein Telescope\u00bb, spiega Ragazzoni.<\/p>\n\n\n\n<p>\u00abLa sigla di questo accordo rappresenta un forte segnale di collaborazione e coesione tra alcune delle realt\u00e0 scientifiche nazionali pi\u00f9 importanti, e segna un passo decisivo nel percorso di promozione della candidatura italiana a ospitare un\u2019infrastruttura di ricerca ambiziosa come ET\u00bb, aggiunge il Presidente dell\u2019INGV Carlo Doglioni. \u00abL\u2019INGV, proseguendo la sua attivit\u00e0 di caratterizzazione del sottosuolo e del rumore sismico di fondo del sito - grazie ai sensori sismici installati nelle gallerie della miniera - nonch\u00e9 di identificazione dell\u2019origine delle sorgenti di questo rumore attraverso campagne temporanee di misura con strumentazione installata in superficie, conferma il suo impegno nello sviluppo di ET e del suo sito ospitante, Sos Enattos, come casa comune della ricerca italiana di alto profilo, ma lancer\u00e0 anche il progetto Earth Telescope, finalizzato allo sguardo verso il profondo del pianeta per scoprirne finalmente i segreti della sua struttura e funzionamento\u00bb. Com<\/p>\n","protected":false},"excerpt":{"rendered":"<p>Cagliari, 20 Dic 2024 \u2013 Ieri pomeriggio, nel corso di una videoconferenza, la Presidente della Regione autonoma della Sardegna, Alessandra Todde, i Rettori delle Universit\u00e0&#8230;<\/p>\n","protected":false},"author":2,"featured_media":247190,"comment_status":"closed","ping_status":"open","sticky":false,"template":"","format":"standard","meta":[],"categories":[49,53],"tags":[],"_links":{"self":[{"href":"https:\/\/www.cronacaonline.it\/index.php\/wp-json\/wp\/v2\/posts\/254598"}],"collection":[{"href":"https:\/\/www.cronacaonline.it\/index.php\/wp-json\/wp\/v2\/posts"}],"about":[{"href":"https:\/\/www.cronacaonline.it\/index.php\/wp-json\/wp\/v2\/types\/post"}],"author":[{"embeddable":true,"href":"https:\/\/www.cronacaonline.it\/index.php\/wp-json\/wp\/v2\/users\/2"}],"replies":[{"embeddable":true,"href":"https:\/\/www.cronacaonline.it\/index.php\/wp-json\/wp\/v2\/comments?post=254598"}],"version-history":[{"count":1,"href":"https:\/\/www.cronacaonline.it\/index.php\/wp-json\/wp\/v2\/posts\/254598\/revisions"}],"predecessor-version":[{"id":254599,"href":"https:\/\/www.cronacaonline.it\/index.php\/wp-json\/wp\/v2\/posts\/254598\/revisions\/254599"}],"wp:featuredmedia":[{"embeddable":true,"href":"https:\/\/www.cronacaonline.it\/index.php\/wp-json\/wp\/v2\/media\/247190"}],"wp:attachment":[{"href":"https:\/\/www.cronacaonline.it\/index.php\/wp-json\/wp\/v2\/media?parent=254598"}],"wp:term":[{"taxonomy":"category","embeddable":true,"href":"https:\/\/www.cronacaonline.it\/index.php\/wp-json\/wp\/v2\/categories?post=254598"},{"taxonomy":"post_tag","embeddable":true,"href":"https:\/\/www.cronacaonline.it\/index.php\/wp-json\/wp\/v2\/tags?post=254598"}],"curies":[{"name":"wp","href":"https:\/\/api.w.org\/{rel}","templated":true}]}}