{"id":254592,"date":"2024-12-20T08:42:06","date_gmt":"2024-12-20T07:42:06","guid":{"rendered":"https:\/\/www.cronacaonline.it\/?p=254592"},"modified":"2024-12-20T08:42:08","modified_gmt":"2024-12-20T07:42:08","slug":"confartigianato-sassari-e-coldiretti-nord-sardegna-hanno-consegnato-al-vescovo-saba-la-statuina-della-giovane-casara-nuovo-personaggio-del-presepe-2024","status":"publish","type":"post","link":"https:\/\/www.cronacaonline.it\/index.php\/2024\/12\/20\/confartigianato-sassari-e-coldiretti-nord-sardegna-hanno-consegnato-al-vescovo-saba-la-statuina-della-giovane-casara-nuovo-personaggio-del-presepe-2024\/","title":{"rendered":"Confartigianato Sassari e Coldiretti Nord Sardegna hanno consegnato al Vescovo Saba la statuina della \u201cgiovane casara\u201d, nuovo personaggio del Presepe 2024."},"content":{"rendered":"\n<p>Sassari, 20 Dic 2024 - A Sassari le delegazioni di Confartigianato Sassari e Coldiretti Regionale hanno consegnato al Vescovo di Sassari, Monsignor Gianfranco Saba, la statuina raffigurante una giovane casara esperta nella lavorazione del latte, figura espressione di uno straordinario patrimonio di conoscenze che devono essere tramandate, salvaguardando la ricchezza dei valori che sono custoditi nelle tradizioni manifatturiere.<\/p>\n\n\n\n<p>Il nuovo personaggio del presepe 2024 realizzato da Confartigianato, Coldiretti e Fondazione Symbola vuole rappresentare la qualit\u00e0 del Made in Italy che incarna la ricerca della materia prima, la cura delle produzioni, la certificazione e tracciabilit\u00e0 dei prodotti, il riconoscimento di un valore aggiunto che l\u2019artigianalit\u00e0 esprime.<\/p>\n\n\n\n<p>La consegna della statuina, come gi\u00e0 avvenuto nelle passate 4 edizioni, \u00e8 stata affidata alle mani del Presidente Regionale di Coldiretti e Presidente Sassari, Battista Cualbu, e dal Presidente di Confartigianato Sassari, Marco Rau.<\/p>\n\n\n\n<p>Come in passato, la figura del Presepe 2024 \u00e8 inserita nel progetto pluriennale nazionale delle Associazioni degli Artigiani e degli Agricoltori, per valorizzare la tradizione presepiale con la consegna della statuina ai Vescovi delle Diocesi di tutto il Paese. Obiettivo \u00e8 quello di aggiungere ogni anno al presepe figure che parlino del presente ma anche del futuro. In particolare, quest\u2019anno, l\u2019opera sottolinea l\u2019aspetto relativo all\u2019intelligenza creativa, all\u2019attenzione, alla cura che chi crea e produce mette nelle sue creazioni e produzioni.<\/p>\n\n\n\n<p>\u201cIl Presepe \u00e8 una tradizione molto sentita - spiega il Presidente di Confartigianato Sassari, Marco Rau - da qui la scelta di arricchirlo ogni anno con un messaggio forte che possa arrivare a tutti attraverso le Diocesi alle quali doniamo la statuina che non solo \u00e8 il frutto della maestria artigiana, ma incarna il senso di cura e attenzione che come artigiani ogni giorno mettiamo nei nostri prodotti e servizi\u201d.<\/p>\n\n\n\n<p>\u201cQuesta statuetta vuol essere un omaggio all'arte e alla passione delle nostre mani sarde che trasformano una materia prima preziosa come il latte in eccellenze uniche - aggiunge il Presidente Regionale di Coldiretti e Presidente di Sassari, Battista Cualbu \u2013 \u00e8 un simbolo del valore aggiunto che il mondo agropastorale e dell\u2019artigianato esprimono come ponte tra tradizione e innovazione, tra territorio e qualit\u00e0 certificata.<\/p>\n\n\n\n<p>Il Vescovo Saba ha espresso apprezzamento per questo gesto di devozione, volto a diffondere i valori del lavoro e della concreta operosit\u00e0 degli imprenditori, quale contributo per la rinascita di un\u2019economia a misura d\u2019uomo.<\/p>\n\n\n\n<p>Il presepe \u00e8 una delle tradizioni che trasmette speranza e serenit\u00e0 anche nei momenti difficili che stiamo attraversando, \u00e8 la \u201cbuona Novella\u201d che diventa presente e significa rinascita, mettersi in cammino, stare vicini alle persone e al territorio, includere, \u00e8 la famiglia. Nel 2020 la statuina rappresentava un\u2019infermiera, nel 2021 un imprenditore digitale, nel 2022 una florovivaista, nel 2023, attraverso un maestro imprenditore e il suo apprendista, la trasmissione del saper fare attraverso le generazioni. Com<\/p>\n","protected":false},"excerpt":{"rendered":"<p>Sassari, 20 Dic 2024 &#8211; A Sassari le delegazioni di Confartigianato Sassari e Coldiretti Regionale hanno consegnato al Vescovo di Sassari, Monsignor Gianfranco Saba, la&#8230;<\/p>\n","protected":false},"author":2,"featured_media":254593,"comment_status":"closed","ping_status":"open","sticky":false,"template":"","format":"standard","meta":[],"categories":[49,53],"tags":[],"_links":{"self":[{"href":"https:\/\/www.cronacaonline.it\/index.php\/wp-json\/wp\/v2\/posts\/254592"}],"collection":[{"href":"https:\/\/www.cronacaonline.it\/index.php\/wp-json\/wp\/v2\/posts"}],"about":[{"href":"https:\/\/www.cronacaonline.it\/index.php\/wp-json\/wp\/v2\/types\/post"}],"author":[{"embeddable":true,"href":"https:\/\/www.cronacaonline.it\/index.php\/wp-json\/wp\/v2\/users\/2"}],"replies":[{"embeddable":true,"href":"https:\/\/www.cronacaonline.it\/index.php\/wp-json\/wp\/v2\/comments?post=254592"}],"version-history":[{"count":1,"href":"https:\/\/www.cronacaonline.it\/index.php\/wp-json\/wp\/v2\/posts\/254592\/revisions"}],"predecessor-version":[{"id":254594,"href":"https:\/\/www.cronacaonline.it\/index.php\/wp-json\/wp\/v2\/posts\/254592\/revisions\/254594"}],"wp:featuredmedia":[{"embeddable":true,"href":"https:\/\/www.cronacaonline.it\/index.php\/wp-json\/wp\/v2\/media\/254593"}],"wp:attachment":[{"href":"https:\/\/www.cronacaonline.it\/index.php\/wp-json\/wp\/v2\/media?parent=254592"}],"wp:term":[{"taxonomy":"category","embeddable":true,"href":"https:\/\/www.cronacaonline.it\/index.php\/wp-json\/wp\/v2\/categories?post=254592"},{"taxonomy":"post_tag","embeddable":true,"href":"https:\/\/www.cronacaonline.it\/index.php\/wp-json\/wp\/v2\/tags?post=254592"}],"curies":[{"name":"wp","href":"https:\/\/api.w.org\/{rel}","templated":true}]}}