{"id":254520,"date":"2024-12-18T12:47:58","date_gmt":"2024-12-18T11:47:58","guid":{"rendered":"https:\/\/www.cronacaonline.it\/?p=254520"},"modified":"2024-12-18T12:47:59","modified_gmt":"2024-12-18T11:47:59","slug":"cerimonia-di-consegna-delle-onorificenze-dellordine-al-merito-della-repubblica-italiana-e-delle-medaglie-donore-in-memoria-di-cittadini-italiani-deportati-in-germania","status":"publish","type":"post","link":"https:\/\/www.cronacaonline.it\/index.php\/2024\/12\/18\/cerimonia-di-consegna-delle-onorificenze-dellordine-al-merito-della-repubblica-italiana-e-delle-medaglie-donore-in-memoria-di-cittadini-italiani-deportati-in-germania\/","title":{"rendered":"Cerimonia di consegna delle Onorificenze dell\u2019Ordine al Merito della Repubblica Italiana e delle Medaglie d\u2019onore in memoria di cittadini italiani deportati in Germania."},"content":{"rendered":"\n<p>Cagliari, 18 Dic 2024 \u2013 Questa mattina si \u00e8 svolta, presso il Palazzo del Governo di Cagliari, la cerimonia di consegna delle Onorificenze al Merito della Repubblica Italiana e delle Medaglie d\u2019onore commemorative ai familiari di cittadini italiani deportati in Germania.<\/p>\n\n\n\n<p>Dopo i saluti alle Autorit\u00e0 civili, militari e religiose presenti in sala, si \u00e8 proceduto alla consegna di due Medaglie d\u2019onore alla memoria dei sigg.ri Biagio Di Caro e Alessandro Onnis, cittadini italiani deportati in Germania ed internati nei lager nazisti durante l\u2019ultimo conflitto mondiale e destinati al lavoro coatto per l\u2019economia di guerra, ritirate dai rispettivi familiari.<\/p>\n\n\n\n<p>Successivamente, si \u00e8 proceduto alla consegna delle distinzioni onorifiche conferite dal Capo dello Stato a 13 cittadini che si sono distinti per meriti nel servizio civile, militare, sociale e nel volontariato.<\/p>\n\n\n\n<p>Il diploma di Cavaliere dell\u2019Ordine al Merito della Repubblica Italiana \u00e8 stato consegnato al sig. Giovanni Perra, assistente tecnico in servizio presso il Comando Marittimo Ovest; al Lgt. C.S. Angelo Giuseppe Mangano, Ispettore Direttore Macchine presso la Stazione Navale di Manovra della Guardia di Finanza di Cagliari; al Lgt. C.S. Giampaolo Marongiu, Comandante della Sezione Operativa Volante Guardia di Finanza \u2013 Compagnia di Iglesias; alla sig.ra Agnese Delogu, Dipendente della Regione Autonoma della Sardegna a riposo; al sig. Stefano Porcu, Direttore Tecnico del Settore Paracanoa della Federazione Italiana Canoa Kayak; al sig. Aldo Bruni, Sovrintendente della Polizia di Stato a riposo; al sig. Angelo Ninu, Ispettore superiore della Polizia di Stato a riposo; al dott. Gabriele Mereu, Dirigente Medico della Asl di Cagliari; al Cap. Dott. Roberto Loche, Ufficiale Medico dell\u2019Esercito Italiano in servizio presso il Dipartimento Militare di medicina Legale di Cagliari; al Col. Alessio Gabriele Degortes, Vice Comandante del Comando Militare Esercito Sardegna.<\/p>\n\n\n\n<p>Invece alla prof.ssa Maria Antonietta Mongiu, archeologa e docente universitaria, e al dott. Enzo Floridia, Presidente della Commissione territoriale per il riconoscimento della protezione internazionale di Cagliari, \u00e8 stata consegnata l\u2019onorificenza di Commendatore dell\u2019Ordine al Merito della Repubblica Italiana.<\/p>\n\n\n\n<p>L\u2019onorificenza di Cavaliere di Gran Croce \u00e8 stata attribuita al dott. Giorgio Falconi, dirigente pubblico a riposo.<\/p>\n\n\n\n<p>A margine della cerimonia il Prefetto Castaldo ha tenuto a sottolineare che \u201cla cerimonia di consegna delle onorificenze non \u00e8 solo un momento solenne, ma anche un\u2019occasione per riflettere sulle tante positivit\u00e0 presenti nel territorio, che si sono distinte per un impegno attivo nel campo della legalit\u00e0, della cultura, della solidariet\u00e0, del volontariato, per la promozione del diritto alla salute e dell\u2019inclusione sociale, anche in presenza di condizioni di disabilit\u00e0\u201d. Com<\/p>\n","protected":false},"excerpt":{"rendered":"<p>Cagliari, 18 Dic 2024 \u2013 Questa mattina si \u00e8 svolta, presso il Palazzo del Governo di Cagliari, la cerimonia di consegna delle Onorificenze al Merito&#8230;<\/p>\n","protected":false},"author":2,"featured_media":254521,"comment_status":"closed","ping_status":"open","sticky":false,"template":"","format":"standard","meta":[],"categories":[49,53],"tags":[],"_links":{"self":[{"href":"https:\/\/www.cronacaonline.it\/index.php\/wp-json\/wp\/v2\/posts\/254520"}],"collection":[{"href":"https:\/\/www.cronacaonline.it\/index.php\/wp-json\/wp\/v2\/posts"}],"about":[{"href":"https:\/\/www.cronacaonline.it\/index.php\/wp-json\/wp\/v2\/types\/post"}],"author":[{"embeddable":true,"href":"https:\/\/www.cronacaonline.it\/index.php\/wp-json\/wp\/v2\/users\/2"}],"replies":[{"embeddable":true,"href":"https:\/\/www.cronacaonline.it\/index.php\/wp-json\/wp\/v2\/comments?post=254520"}],"version-history":[{"count":1,"href":"https:\/\/www.cronacaonline.it\/index.php\/wp-json\/wp\/v2\/posts\/254520\/revisions"}],"predecessor-version":[{"id":254522,"href":"https:\/\/www.cronacaonline.it\/index.php\/wp-json\/wp\/v2\/posts\/254520\/revisions\/254522"}],"wp:featuredmedia":[{"embeddable":true,"href":"https:\/\/www.cronacaonline.it\/index.php\/wp-json\/wp\/v2\/media\/254521"}],"wp:attachment":[{"href":"https:\/\/www.cronacaonline.it\/index.php\/wp-json\/wp\/v2\/media?parent=254520"}],"wp:term":[{"taxonomy":"category","embeddable":true,"href":"https:\/\/www.cronacaonline.it\/index.php\/wp-json\/wp\/v2\/categories?post=254520"},{"taxonomy":"post_tag","embeddable":true,"href":"https:\/\/www.cronacaonline.it\/index.php\/wp-json\/wp\/v2\/tags?post=254520"}],"curies":[{"name":"wp","href":"https:\/\/api.w.org\/{rel}","templated":true}]}}