{"id":254377,"date":"2024-12-13T09:15:35","date_gmt":"2024-12-13T08:15:35","guid":{"rendered":"https:\/\/www.cronacaonline.it\/?p=254377"},"modified":"2024-12-13T09:15:38","modified_gmt":"2024-12-13T08:15:38","slug":"allerta-meteo-in-sardegna-forti-temporali-non-hanno-colpito-le-citta-ma-si-scaricano-in-mare","status":"publish","type":"post","link":"https:\/\/www.cronacaonline.it\/index.php\/2024\/12\/13\/allerta-meteo-in-sardegna-forti-temporali-non-hanno-colpito-le-citta-ma-si-scaricano-in-mare\/","title":{"rendered":"Allerta meteo in Sardegna: forti temporali non hanno colpito le citt\u00e0 ma si scaricano in mare."},"content":{"rendered":"\n<p>Cagliari, 13 Dic 2024 - Ancora instabilit\u00e0 e piogge in Sardegna\u00a0ma\u00a0l'allerta meteo, prima arancione, viene declassata a gialla. Permane una\u00a0criticit\u00e0 ordinaria per rischio idrogeologico\u00a0sull'Iglesiente, Campidano, Montevecchio Pischinappiu, Flumendosa Flumineddu e Tirso.\u00a0<\/p>\n\n\n\n<p>\"Si segnala la possibilit\u00e0 di rovesci o temporali localmente di forte intensit\u00e0 sulle medesime aree, con cumulati fino a molto elevati. La fenomenologia di forte intensit\u00e0 sar\u00e0 meno probabile sul settore nordorientale\", fa sapere la Protezione civile regionale.<\/p>\n\n\n\n<p>La forte ondata di maltempo prevista nell'Isola alla fine si\u00e8 scaricata in mare. \"Il carattere del fenomeno - ha spiegato Daniela Pani, della direzione regionale della Protezione civile- aveva una grande impredicibilit\u00e0 proprio perch\u00e9 assieme a piogge e rovesci erano previsti forti temporali, che si portano dietro una grande incertezza. Per fortuna i famosi 50 chilometri che non fanno la differenza per il meteo ma la fanno per il territorio hanno fatto s\u00ec che i temporali si sviluppassero prevalentemente in mare\".<\/p>\n\n\n\n<p>Quanto alle polemiche per la chiusura delle scuole a Cagliari in presenza di un'allerta non rossa ma arancione, Pani ha ribadito: \"La valutazione dello scenario di rischio sulla base delle informazioni meteorologiche che arrivano \u00e8 sempre un lavoro di grande protezione e di autotutela. La scelta degli scenari \u00e8 sempre a favore della protezione delle vite umane, degli animali e dei beni\".<\/p>\n","protected":false},"excerpt":{"rendered":"<p>Cagliari, 13 Dic 2024 &#8211; Ancora instabilit\u00e0 e piogge in Sardegna\u00a0ma\u00a0l&#8217;allerta meteo, prima arancione, viene declassata a gialla. Permane una\u00a0criticit\u00e0 ordinaria per rischio idrogeologico\u00a0sull&#8217;Iglesiente, Campidano,&#8230;<\/p>\n","protected":false},"author":2,"featured_media":195158,"comment_status":"closed","ping_status":"open","sticky":false,"template":"","format":"standard","meta":[],"categories":[49,53],"tags":[],"_links":{"self":[{"href":"https:\/\/www.cronacaonline.it\/index.php\/wp-json\/wp\/v2\/posts\/254377"}],"collection":[{"href":"https:\/\/www.cronacaonline.it\/index.php\/wp-json\/wp\/v2\/posts"}],"about":[{"href":"https:\/\/www.cronacaonline.it\/index.php\/wp-json\/wp\/v2\/types\/post"}],"author":[{"embeddable":true,"href":"https:\/\/www.cronacaonline.it\/index.php\/wp-json\/wp\/v2\/users\/2"}],"replies":[{"embeddable":true,"href":"https:\/\/www.cronacaonline.it\/index.php\/wp-json\/wp\/v2\/comments?post=254377"}],"version-history":[{"count":1,"href":"https:\/\/www.cronacaonline.it\/index.php\/wp-json\/wp\/v2\/posts\/254377\/revisions"}],"predecessor-version":[{"id":254378,"href":"https:\/\/www.cronacaonline.it\/index.php\/wp-json\/wp\/v2\/posts\/254377\/revisions\/254378"}],"wp:featuredmedia":[{"embeddable":true,"href":"https:\/\/www.cronacaonline.it\/index.php\/wp-json\/wp\/v2\/media\/195158"}],"wp:attachment":[{"href":"https:\/\/www.cronacaonline.it\/index.php\/wp-json\/wp\/v2\/media?parent=254377"}],"wp:term":[{"taxonomy":"category","embeddable":true,"href":"https:\/\/www.cronacaonline.it\/index.php\/wp-json\/wp\/v2\/categories?post=254377"},{"taxonomy":"post_tag","embeddable":true,"href":"https:\/\/www.cronacaonline.it\/index.php\/wp-json\/wp\/v2\/tags?post=254377"}],"curies":[{"name":"wp","href":"https:\/\/api.w.org\/{rel}","templated":true}]}}