{"id":252980,"date":"2024-10-30T10:41:50","date_gmt":"2024-10-30T09:41:50","guid":{"rendered":"https:\/\/www.cronacaonline.it\/?p=252980"},"modified":"2024-10-30T10:41:53","modified_gmt":"2024-10-30T09:41:53","slug":"piogge-torrenziali-in-spagna-valencia-invasa-completamente-dallacqua-oltre-50-vittime","status":"publish","type":"post","link":"https:\/\/www.cronacaonline.it\/index.php\/2024\/10\/30\/piogge-torrenziali-in-spagna-valencia-invasa-completamente-dallacqua-oltre-50-vittime\/","title":{"rendered":"Piogge torrenziali in Spagna: Valencia invasa completamente dall\u2019acqua. &#8220;Oltre 50 vittime&#8221;."},"content":{"rendered":"\n<p>Valencia, 30 Ott 2024 - Sono almeno 50 le vittime secondo un primo bilancio indicato dal comitato di crisi allestito al palazzo di governo della Moncloa. \u00a0 Ma il numero delle vittime potrebbe essere pi\u00f9 pesante, poich\u00e9 sono molte le persone disperse a causa delle inondazioni che hanno isolato alcune localit\u00e0. La Comunit\u00e0 di Valencia ha attivato un numero telefonico per segnalare familiari di cui non si hanno notizie. La situazione nella citt\u00e0 spagnola \u00e8 drammatica, racconta il presidente della Comunit\u00e0, Carlos Maz\u00f3n: intere zone completamente sommerse dall'acqua, cos\u00ec come tantissime auto, insegne, cartelli pubblicitari e alberi travolti dal forte vento.<br>Ma il peggio sembrerebbe non essere passato. Per questo Maz\u00f3n invita i cittadini a ridurre al massimo gli spostamenti e a non uscire di casa se non strettamente necessario: \u201cChi si trova vicino a canali fluviali o burroni cerchi il punto pi\u00f9 alto e pi\u00f9 vicino. La notte sar\u00e0 lunga\".<\/p>\n\n\n\n<p>\u00c8 di almeno 13 morti, compresi quattro bambini, il bilancio delle inondazioni nella zona di Valencia. Questo il bilancio confermato dalla Guardia Civil, come riporta El Pais, mentre la Spagna fa i conti con forti venti e piogge per il fenomeno Dana (\"depresi\u00f3n aislada en niveles altos\"). Altri media, come il sito Ideal, parlano di \"40 fra morti e dispersi\" tra Castilla-La Mancha e Comunidad Valenciana.<\/p>\n\n\n\n<p>Il premier spagnolo Pedro Sanchez presiede il comitato di crisi per le piogge torrenziali che, secondo un bilancio provvisorio hanno causato pi\u00f9 di 50 morti, oggi alle 12 al Palazzo della Moncloa. Ieri sera il leader aveva esortato gli spagnoli a \"prestare attenzione e a evitare viaggi inutili\". \"Seguo con attenzione e con preoccupazione le notizie sulle persone scomparse e sui danni provocati\" dalle piogge \"nelle ultime ore\", aveva scritto il premier su X.<\/p>\n\n\n\n<p>Vista l'entit\u00e0 dei danni causati dalla tempesta Dana nel sud-est della Spagna, oltre mille soldati dell'Unit\u00e0 Militare di Emergenza (Ume) saranno dispiegati nella regione di Valencia. Lo ha annunciato il ministro della Difesa, Margarita Robles, confermando lo spostamento di 1.034 soldati dell'Unit\u00e0 Militare di Emergenza, di cui 250 sono gi\u00e0 in azione e gli altri 784 sono mobilitati in attesa di poter accedere alle zone pi\u00f9 colpite, ora irraggiungibili.<br>\"Tutti sono mobilitati, con tutto ci\u00f2 che \u00e8 necessario e per tutto il tempo necessario\", ha dichiarato Robles nelle aule del Congresso, sottolineando che si tratta di un \"fenomeno senza precedenti\". I 250 soldati che hanno iniziato a partecipare alle operazioni di salvataggio sono accompagnati da squadre cinofile in caso di necessit\u00e0. \"La valanga d'acqua \u00e8 stata tremenda\", ha aggiunto il ministro.<\/p>\n\n\n\n<p>A Madrid il Congresso e il Senato hanno osservato un minuto di silenzio per le vittime delle inondazioni improvvise nella regione sud-orientale di Valencia. La presidente del Congresso, Francina Armengol, si \u00e8 rivolta \"ai familiari, agli amici e a tutti i cittadini che stanno vivendo questi momenti molto delicati\" e ha inviato il suo sostegno alle truppe che lavorano sul campo. Anche al Senato \u00e8 stato osservato un minuto di silenzio alla ripresa della sessione plenaria, come richiesto da tutti i gruppi parlamentari. Il presidente Pedro Rollan, in apertura dei lavori, ha espresso le sue condoglianze a coloro che hanno perso i propri cari nelle inondazioni e ha \"incrociato le dita\" affinch\u00e9 le persone scomparse possano essere salvate presto.<\/p>\n","protected":false},"excerpt":{"rendered":"<p>Valencia, 30 Ott 2024 &#8211; Sono almeno 50 le vittime secondo un primo bilancio indicato dal comitato di crisi allestito al palazzo di governo della&#8230;<\/p>\n","protected":false},"author":2,"featured_media":252975,"comment_status":"closed","ping_status":"open","sticky":false,"template":"","format":"standard","meta":[],"categories":[49,50],"tags":[],"_links":{"self":[{"href":"https:\/\/www.cronacaonline.it\/index.php\/wp-json\/wp\/v2\/posts\/252980"}],"collection":[{"href":"https:\/\/www.cronacaonline.it\/index.php\/wp-json\/wp\/v2\/posts"}],"about":[{"href":"https:\/\/www.cronacaonline.it\/index.php\/wp-json\/wp\/v2\/types\/post"}],"author":[{"embeddable":true,"href":"https:\/\/www.cronacaonline.it\/index.php\/wp-json\/wp\/v2\/users\/2"}],"replies":[{"embeddable":true,"href":"https:\/\/www.cronacaonline.it\/index.php\/wp-json\/wp\/v2\/comments?post=252980"}],"version-history":[{"count":1,"href":"https:\/\/www.cronacaonline.it\/index.php\/wp-json\/wp\/v2\/posts\/252980\/revisions"}],"predecessor-version":[{"id":252981,"href":"https:\/\/www.cronacaonline.it\/index.php\/wp-json\/wp\/v2\/posts\/252980\/revisions\/252981"}],"wp:featuredmedia":[{"embeddable":true,"href":"https:\/\/www.cronacaonline.it\/index.php\/wp-json\/wp\/v2\/media\/252975"}],"wp:attachment":[{"href":"https:\/\/www.cronacaonline.it\/index.php\/wp-json\/wp\/v2\/media?parent=252980"}],"wp:term":[{"taxonomy":"category","embeddable":true,"href":"https:\/\/www.cronacaonline.it\/index.php\/wp-json\/wp\/v2\/categories?post=252980"},{"taxonomy":"post_tag","embeddable":true,"href":"https:\/\/www.cronacaonline.it\/index.php\/wp-json\/wp\/v2\/tags?post=252980"}],"curies":[{"name":"wp","href":"https:\/\/api.w.org\/{rel}","templated":true}]}}