{"id":252643,"date":"2024-10-21T08:33:56","date_gmt":"2024-10-21T06:33:56","guid":{"rendered":"https:\/\/www.cronacaonline.it\/?p=252643"},"modified":"2024-10-21T08:33:58","modified_gmt":"2024-10-21T06:33:58","slug":"festival-delle-regioni-a-bari-mattarella-le-istituzioni-non-si-limitino-a-una-visione-di-parte","status":"publish","type":"post","link":"https:\/\/www.cronacaonline.it\/index.php\/2024\/10\/21\/festival-delle-regioni-a-bari-mattarella-le-istituzioni-non-si-limitino-a-una-visione-di-parte\/","title":{"rendered":"Festival delle Regioni a Bari, Mattarella: &#8220;Le istituzioni non si limitino a una visione di parte&#8221;."},"content":{"rendered":"\n<p>Bari, 21 Ott 2024 - \"Tra le istituzioni e all\u2019interno delle istituzioni la collaborazione, la ricerca di punti comuni, la condivisione delle scelte sono essenziali per il loro buon funzionamento e per il servizio da rendere alla comunit\u00e0\". Cos\u00ec il presidente della Repubblica, Sergio Mattarella, intervenendo al Festival delle regioni e delle province autonome, in corso a Bari. \"Vi sono, in particolare, dei momenti nella vita di ogni istituzione in cui non \u00e8 possibile limitarsi ad affermare la propria visione delle cose \u2013 approfondendo solchi e contrapposizioni - ma occorre saper esercitare capacit\u00e0 di mediazione e di sintesi. Questo \u00e8 parte essenziale della vita democratica poich\u00e9 le istituzioni appartengono e rispondono all\u2019intera collettivit\u00e0 e tutti devono potersi riconoscere in esse\", aggiunge.<\/p>\n\n\n\n<p>\"Tra le istituzioni e all'interno delle istituzioni la collaborazione, la ricerca di punti comuni, la condivisione delle scelte sono essenziali per il loro buon funzionamento e per il servizio da rendere alla comunit\u00e0. Vi sono, in particolare, dei momenti nella vita di ogni istituzione in cui non \u00e8 possibile limitarsi ad affermare la propria visione delle cose - approfondendo solchi e contrapposizioni - ma occorre saper esercitare capacit\u00e0 di mediazione e di sintesi\". Questa \"attitudine - aggiunge - \u00e8 parte essenziale della vita democratica\".<\/p>\n\n\n\n<p>\"Vorrei dire che tutti dovremmo affrontare il tema della transizione ecologica con la determinazione che caratterizza l'approccio dei pi\u00f9 giovani, cui \u00e8 chiaro come la natura non possa pi\u00f9 essere considerata soltanto un deposito di beni da utilizzare e da sfruttare e come le risorse del pianeta non siano illimitate e non possano riprodursi all'infinito\". Lo ha detto il presidente della Repubblica, Sergio Mattarella, nel corso del suo intervento al Festival delle Regioni e delle Province autonome.\"Da qui l'urgenza di intervenire attraverso politiche lungimiranti e responsabili che stabiliscano obiettivi e favoriscano gli investimenti necessari. Politiche coerenti e stabili nel tempo che creino un clima di fiducia e promuovano, con strumenti efficaci,quei cambiamenti dei comportamenti e degli stili di vita richiesti da un processo cos\u00ec impegnativo\".<\/p>\n\n\n\n<p>Irrinunciabili il contrasto a cambiamenti climatici e de-carbonizzazione. Le politiche ambientali non sono freno allo sviluppo<\/p>\n\n\n\n<p>\"I giovani sono agevolmente digitali e manifestano, tutt'altro che a torto, una intensa preoccupazione per lo stato dell'ambiente. Vorrei dire che tutti dovremmo affrontare il tema della transizione ecologica con la determinazione che caratterizza l'approccio dei pi\u00f9 giovani, cui \u00e8 chiaro come la natura non possa pi\u00f9 essere considerata soltanto un deposito di beni da utilizzare e da sfruttare e come le risorse del pianeta non siano illimitate e non possano riprodursi all'infinito\". Lo ha affermato il Presidente della Repubblica, Sergio Mattarella, intervenendo a Bari all'inaugurazione&nbsp;del terzo Festival delle Regioni e delle Province autonome.<\/p>\n\n\n\n<p>\"Da qui l'urgenza -ha proseguito il Capo dello Stato- di intervenire attraverso politiche lungimiranti e responsabili che stabiliscano obiettivi e favoriscano gli investimenti necessari. Politiche coerenti e stabili nel tempo che creino un clima di fiducia e promuovano, con strumenti efficaci, quei cambiamenti dei comportamenti e degli stili di vita richiesti da un processo cos\u00ec impegnativo. Contrastare il cambiamento climatico e proseguire con determinazione sulla via della de-carbonizzazione sono obiettivi irrinunciabili\".<\/p>\n\n\n\n<p>\"Le politiche ambientali - ha concluso Mattarella - vanno integrate nelle politiche per la crescita e non considerate un freno allo&nbsp;sviluppo. Lo sviluppo deve essere sostenibile, diversamente \u00e8 vano e&nbsp;illusorio\".<\/p>\n\n\n\n<p>L'intelligenza artificiale non violi la dignit\u00e0, affidare le scelte alle persone<\/p>\n\n\n\n<p>\"Emerge con forza la necessit\u00e0 di un adeguato sistema di governance che favorisca lo sviluppo dell'intelligenza artificiale assicurando che venga utilizzata per affermare e non per violare la dignit\u00e0 delle persone\". Lo ha detto il capo dello Stato Sergio Mattarella parlando al Festival delle Regioni e delle Province. &nbsp; \"Come sempre nella storia - ha osservato - i risultati che la scienza consegna all'umanit\u00e0 aprono grandi prospettive di progresso e presentano rischi di utilizzazione perversa. La scelta \u00e8 affidata alle persone\". Sul fronte dell'IA, \u00e8 stato il suo ragionamento, \"ci si chiede se si sia avviata una nuova rivoluzione: cos\u00ec come quella industriale ha surrogato la forza fisica, sostituendo le macchine alle persone, cos\u00ec adesso l'intelligenza artificiale appare, secondo taluno, destinata a surrogare le capacit\u00e0 intellettive proprie degli esseri umani. Si pongono, con evidenza, rilevanti interrogativi di natura etica\". \"Quali decisioni - ha aggiunto - devono rimanere saldamente nelle mani degli esseri umani e quali possono essere delegate a un supercalcolatore? Pensiamo davvero che una macchina possa sostituire un medico nella cura delle persone o un giudice nello scrivere una sentenza? Non si pu\u00f2 fare a meno di riflettere sulla irripetibilit\u00e0 di ogni singola persona umana e sulla irripetibilit\u00e0 di ogni situazione di vita\". \"Non vi \u00e8 dubbio, d'altronde - ha aggiunto il presidente - che l'intelligenza artificiale possa dare un grande contributo allo sviluppo del benessere dell'umanit\u00e0 e fornire un apporto di grande beneficio alla soluzione di problemi globali, ivi inclusi quelli di natura ambientale. Pensiamo alle applicazioni dell'intelligenza artificiale nella gestione delle risorse idriche e nell'organizzazione del sistema dei trasporti. Nella medicina, dove pu\u00f2 aprire grandi prospettive di speranza. Pensiamo ai progressi nella telemedicina che accrescono le possibilit\u00e0 di cura delle persone anche nei Paesi pi\u00f9 poveri\".<\/p>\n","protected":false},"excerpt":{"rendered":"<p>Bari, 21 Ott 2024 &#8211; &#8220;Tra le istituzioni e all\u2019interno delle istituzioni la collaborazione, la ricerca di punti comuni, la condivisione delle scelte sono essenziali&#8230;<\/p>\n","protected":false},"author":2,"featured_media":252644,"comment_status":"closed","ping_status":"open","sticky":false,"template":"","format":"standard","meta":[],"categories":[49,50],"tags":[],"_links":{"self":[{"href":"https:\/\/www.cronacaonline.it\/index.php\/wp-json\/wp\/v2\/posts\/252643"}],"collection":[{"href":"https:\/\/www.cronacaonline.it\/index.php\/wp-json\/wp\/v2\/posts"}],"about":[{"href":"https:\/\/www.cronacaonline.it\/index.php\/wp-json\/wp\/v2\/types\/post"}],"author":[{"embeddable":true,"href":"https:\/\/www.cronacaonline.it\/index.php\/wp-json\/wp\/v2\/users\/2"}],"replies":[{"embeddable":true,"href":"https:\/\/www.cronacaonline.it\/index.php\/wp-json\/wp\/v2\/comments?post=252643"}],"version-history":[{"count":1,"href":"https:\/\/www.cronacaonline.it\/index.php\/wp-json\/wp\/v2\/posts\/252643\/revisions"}],"predecessor-version":[{"id":252645,"href":"https:\/\/www.cronacaonline.it\/index.php\/wp-json\/wp\/v2\/posts\/252643\/revisions\/252645"}],"wp:featuredmedia":[{"embeddable":true,"href":"https:\/\/www.cronacaonline.it\/index.php\/wp-json\/wp\/v2\/media\/252644"}],"wp:attachment":[{"href":"https:\/\/www.cronacaonline.it\/index.php\/wp-json\/wp\/v2\/media?parent=252643"}],"wp:term":[{"taxonomy":"category","embeddable":true,"href":"https:\/\/www.cronacaonline.it\/index.php\/wp-json\/wp\/v2\/categories?post=252643"},{"taxonomy":"post_tag","embeddable":true,"href":"https:\/\/www.cronacaonline.it\/index.php\/wp-json\/wp\/v2\/tags?post=252643"}],"curies":[{"name":"wp","href":"https:\/\/api.w.org\/{rel}","templated":true}]}}