{"id":251788,"date":"2024-09-25T18:16:22","date_gmt":"2024-09-25T16:16:22","guid":{"rendered":"https:\/\/www.cronacaonline.it\/?p=251788"},"modified":"2024-09-25T18:16:25","modified_gmt":"2024-09-25T16:16:25","slug":"consiglio-sardegna-aree-idonee-in-commissione-iv-e-v-il-comitato-pratobello-24-il-coordinamento-dei-comitati-e-lanci","status":"publish","type":"post","link":"https:\/\/www.cronacaonline.it\/index.php\/2024\/09\/25\/consiglio-sardegna-aree-idonee-in-commissione-iv-e-v-il-comitato-pratobello-24-il-coordinamento-dei-comitati-e-lanci\/","title":{"rendered":"Consiglio Sardegna &#8211; Aree idonee, in commissione IV e V il Comitato Pratobello 24, il coordinamento dei comitati e l\u2019Anci."},"content":{"rendered":"\n<p>Cagliari, 25 Sett 2024 - \u201cUna mobilitazione cos\u00ec del popolo sardo ha pochi precedenti\u201d, ha esordito Luigi Picci, portavoce del comitato Pratobello 24 in occasione dell\u2019audizione, questo pomeriggio, nelle commissioni congiunte IV e V. \u201cDifendiamo le ragioni profonde dei sardi\u201d, ha proseguito, \u201ccontro quei decreti che il dl 45 richiama e che hanno gettato nel caos la Sardegna aprendo la porta alla speculazione\u201d. Picci ha chiesto alla politica sarda \u201cuna connessione sentimentale col popolo sardo. L\u2019unica soluzione \u00e8 una norma urbanistica che chiuda ogni porta agli aggressori. Poi potremo ragionare per una transizione energetica seria\u201d.<\/p>\n\n\n\n<p>L\u2019avvocato Michele Zuddas ha definito il dl 45 \u201cun\u2019adesione acritica alle richieste del governo italiano. Di pi\u00f9: l\u2019articolo 3 tradisce la vera volont\u00e0 della Giunta, cio\u00e8 far finta di bloccare tutto per poi aprire la strada con le deroghe, nonostante 120 mila cittadini sardi con la sottoscrizione della proposta di legge Pratobello 24 chiedano esattamente il contrario. C\u2019\u00e8 una alternativa alla subalternit\u00e0 della Giunta ed \u00e8 la nostra proposta di legge, l\u2019unica degna di essere votata da questo consiglio regionale\u201d.<\/p>\n\n\n\n<p>Il presidente della commissione Attivit\u00e0 produttive, Antonio Solinas, ha replicato: \u201cAbbiamo la presunzione rappresentare il popolo sardo, essendo da questo democraticamente eletti. Il dl Pratobello 24 sar\u00e0 sottoposto al Consiglio regionale che lo approver\u00e0 o modificher\u00e0 ma \u00e8 certo che qui non si curano altri interessi che non siano quelli del popolo sardo e non ci sono sudditi del governo\u201d.<\/p>\n\n\n\n<p>I comitati sardi contro la speculazione energetica hanno preso la parola con il loro coordinatore, Antonio Muscas: \u201cA una prima lettura ci pare che il dl 45 abbia accolto alcune nostre istanze. Ci sono per\u00f2 alcune lacune come l\u2019assenza dell\u2019indicazione delle aree idonee. Non ci sono nemmeno premialit\u00e0 per chi installa impianti di produzione di energia rinnovabile su superfici gi\u00e0 coperte\u201d. Muscas ha sollecitato \u201cuna legge quadro sull\u2019energia in Sardegna che regolamenti anche il tema dei picchi di sistema\u201d mentre l\u2019avvocato Giulia Lai ha segnalato un possibile paradosso: \u201cMentre l\u2019intera area di Quartu appare del tutto inidonea, l\u2019infrastruttura del Tyrrhenian link&nbsp; procede ed \u00e8 per questo necessario bloccarla con una legge regionale altrimenti potrebbe capitare che il Tyrrhenian link sia allacciato ma non possa ricevere energia per il divieto di realizzazione di impianti nell\u2019area\u201d.<\/p>\n\n\n\n<p>Anche l\u2019Anci Sardegna ha dato il suo contributo all\u2019audizione, con la presidente Daniela Falconi che ha annunciato l\u2019invio di un \u201cdocumento scritto di riflessione sul dl 45 e il parere congiunto insieme al Cal\u201d. Poi ha aggiunto: \u201cSiamo fortemente preoccupati per la indiscriminata presentazione di progetti e per il fatto che negli organici dei Comuni non c\u2019\u00e8 personale tecnico all\u2019altezza di affrontare questioni cos\u00ec delicate. Noi siamo per raggiungere gli obiettivi della transizione energetica 2030 e 2050, con la partecipazione di tutta la comunit\u00e0 sarda\u201d. Com<\/p>\n","protected":false},"excerpt":{"rendered":"<p>Cagliari, 25 Sett 2024 &#8211; \u201cUna mobilitazione cos\u00ec del popolo sardo ha pochi precedenti\u201d, ha esordito Luigi Picci, portavoce del comitato Pratobello 24 in occasione&#8230;<\/p>\n","protected":false},"author":2,"featured_media":239399,"comment_status":"closed","ping_status":"open","sticky":false,"template":"","format":"standard","meta":[],"categories":[49,52],"tags":[],"_links":{"self":[{"href":"https:\/\/www.cronacaonline.it\/index.php\/wp-json\/wp\/v2\/posts\/251788"}],"collection":[{"href":"https:\/\/www.cronacaonline.it\/index.php\/wp-json\/wp\/v2\/posts"}],"about":[{"href":"https:\/\/www.cronacaonline.it\/index.php\/wp-json\/wp\/v2\/types\/post"}],"author":[{"embeddable":true,"href":"https:\/\/www.cronacaonline.it\/index.php\/wp-json\/wp\/v2\/users\/2"}],"replies":[{"embeddable":true,"href":"https:\/\/www.cronacaonline.it\/index.php\/wp-json\/wp\/v2\/comments?post=251788"}],"version-history":[{"count":1,"href":"https:\/\/www.cronacaonline.it\/index.php\/wp-json\/wp\/v2\/posts\/251788\/revisions"}],"predecessor-version":[{"id":251789,"href":"https:\/\/www.cronacaonline.it\/index.php\/wp-json\/wp\/v2\/posts\/251788\/revisions\/251789"}],"wp:featuredmedia":[{"embeddable":true,"href":"https:\/\/www.cronacaonline.it\/index.php\/wp-json\/wp\/v2\/media\/239399"}],"wp:attachment":[{"href":"https:\/\/www.cronacaonline.it\/index.php\/wp-json\/wp\/v2\/media?parent=251788"}],"wp:term":[{"taxonomy":"category","embeddable":true,"href":"https:\/\/www.cronacaonline.it\/index.php\/wp-json\/wp\/v2\/categories?post=251788"},{"taxonomy":"post_tag","embeddable":true,"href":"https:\/\/www.cronacaonline.it\/index.php\/wp-json\/wp\/v2\/tags?post=251788"}],"curies":[{"name":"wp","href":"https:\/\/api.w.org\/{rel}","templated":true}]}}