{"id":247213,"date":"2024-04-23T13:24:19","date_gmt":"2024-04-23T11:24:19","guid":{"rendered":"https:\/\/www.cronacaonline.it\/?p=247213"},"modified":"2024-04-23T13:24:21","modified_gmt":"2024-04-23T11:24:21","slug":"il-consiglio-regionale-ha-eletto-i-componenti-dellufficio-di-presidenza-e-poi-commemorazione-dellex-vice-presidente-del-consiglio-linetta-serri-il-consiglio-regionale-sara-convocat","status":"publish","type":"post","link":"https:\/\/www.cronacaonline.it\/index.php\/2024\/04\/23\/il-consiglio-regionale-ha-eletto-i-componenti-dellufficio-di-presidenza-e-poi-commemorazione-dellex-vice-presidente-del-consiglio-linetta-serri-il-consiglio-regionale-sara-convocat\/","title":{"rendered":"Il Consiglio regionale ha eletto i componenti dell\u2019Ufficio di Presidenza e poi commemorazione dell\u2019ex vice presidente del Consiglio, Linetta Serri. Il Consiglio regionale sar\u00e0 convocato a domicili."},"content":{"rendered":"\n<p>Cagliari, 23 Apr 2024 - Il presidente Comandini ha aperto i lavori della seconda seduta della XVII legislatura del Consiglio regionale e ha comunicato l\u2019avvenuta costituzione dei gruppi consiliari, che ha elencato uno a uno augurando buon lavoro a tutti: Pd, Movimento Cinque stelle, Fratelli d\u2019Italia, Alleanza verdi sinistra, Orizzonte comune, Riformatori sardi, Partito sardo, d\u2019azione, Progressisti, Alleanza Sardegna, Forza Italia, Sinistra futura, Sardegna al centro - \u00a02020, Uniti per Alessandra Todde. Infine, il Gruppo misto con Alessandro Sorgia presidente.<\/p>\n\n\n\n<p>L\u2019Ufficio di Presidenza ha elencato le prime proposte di legge pervenute,&nbsp;le interrogazioni e mozioni presentate dai consiglieri regionali appena eletti.<\/p>\n\n\n\n<p>A seguire, il presidente ha rinunciato a pronunciare il discorso di insediamento per ricordare la figura di Linetta Serri, per due volte consigliera regionale nella IX e nella X legislatura, recentemente scomparsa dopo una lunga malattia.&nbsp;<\/p>\n\n\n\n<p>\u201cColleghe, colleghi, \u00e8 con profonda commozione che oggi ricordiamo Linetta Serri.<\/p>\n\n\n\n<p>Vicepresidente del Consiglio regionale, presidente di commissione, Linetta Serri \u00e8&nbsp;ricordata anche per la sua presidenza all\u2019Anci, per la sua instancabile attivit\u00e0 di consigliera comunale e poi per il suo impegno da sindaca del suo amato paese.&nbsp;<\/p>\n\n\n\n<p>Nasce ad Armungia il 26 dicembre del 1947. Si laurea in pedagogia con una tesi sperimentale sull\u2019industrializzazione&nbsp;della zona agricola di&nbsp;Villacidro\u201d.&nbsp;<\/p>\n\n\n\n<p>Nelle due legislature qui in Consiglio regionale&nbsp;ricopr\u00ec incarichi di vertice: nella X legislatura fu eletta, seconda donna dopo Maria Rosa Cardia,&nbsp;Vicepresidente del Consiglio regionale. Solo&nbsp;quattro donne nella storia autonomistica della Sardegna hanno ricoperto finora questa carica. E sulla parit\u00e0 delle donne nelle istituzioni e nella societ\u00e0 sar\u00e0 chiamata anche quest\u2019assemblea a lavorare nei prossimi anni.<\/p>\n\n\n\n<p>Inoltre, sempre nella Decima&nbsp;legislatura, fu&nbsp;Vicepresidente della Commissione Autonomia e Sanit\u00e0 mentre nella Nona \u00e8 stata Presidente della Commissione per i Diritti Civili&nbsp; e&nbsp; Segretario della Commissione Autonomia.<\/p>\n\n\n\n<p>Nei 10 anni in cui fece parte del Consiglio regionale present\u00f2&nbsp;&nbsp; 86 proposte di legge, 66 mozioni, 101 interpellanze e 132 interrogazioni.<\/p>\n\n\n\n<p>Linetta Serri si \u00e8 occupata principalmente di riforme istituzionali - materia della quale ci dovremo occupare anche noi - di tutela dei lavoratori, di industria e di ambiente. Ha condotto numerosi indagini come quella sul&nbsp;disadattamento e sulle devianze minorili e sulla condizione delle carceri sarde.&nbsp;<\/p>\n\n\n\n<p>Come presidente della Seconda Commissione ha lavorato per la tutela delle lavoratrici e per l\u2019ammissione delle donne ai concorsi pubblici per sottufficiali e guardia forestale e di vigilanza ambientale.&nbsp;<\/p>\n\n\n\n<p>Ma Linetta Serri si occup\u00f2 soprattutto anche dei diritti delle donne: fu prima firmataria della legge istitutiva della Commissione per le pari opportunit\u00e0 e, in occasione della bocciatura, avvenuta l\u20198 giugno 1988 a scrutinio segreto, della legge,&nbsp;afferm\u00f2: \u201cLa bocciatura della legge in Aula \u00e8 la manifestazione della volont\u00e0 di tenere le donne fuori dall\u2019istituzione regionale, che deve continuare ad essere territorio esclusivo del potere maschile\u201d.<\/p>\n\n\n\n<p>Possiamo dire&nbsp;oggi con assoluta certezza che Linetta Serri \u00e8 stata un esempio come persona, come politico e come donna impegnata nelle Istituzioni.<\/p>\n\n\n\n<p>La ricorderemo cos\u00ec: risoluta, impegnata nelle battaglie per il riconoscimento dei diritti dei pi\u00f9 fragili, delle donne&nbsp;e per il bene della sua terra, la Sardegna che tanto amava\u201d. L\u2019Aula ha osservato un minuto di silenzio.<\/p>\n\n\n\n<p>A seguire, il presidente Comandini, ai sensi dell\u2019articolo 5 del Regolamento interno, ha disposto la votazione per l\u2019elezione dei due vicepresidenti del Consiglio regionale.<\/p>\n\n\n\n<p>Il capogruppo di FdI, Paolo Truzzu, ha chiesto una breve sospensione dei lavori che \u00e8 stata concessa.<\/p>\n\n\n\n<p>Alla ripresa il presidente Comandini ha disposto la votazione: sono stati eletti vicepresidenti Giuseppe Frau (Uniti) con 35 voti e Aldo Salaris (Riformatori) con 22.<\/p>\n\n\n\n<p>L\u2019Aula ha proseguito con l\u2019elezione dei Questori: Gianluigi Rubiu (Alleanza Sardegna 27 voti), Antonio Solinas (Pd, 47 voti) e Giuseppe Dessena (Avs, 28 voti).<\/p>\n\n\n\n<p>Eletto con 26 voti anche il Segretario dell\u2019Ufficio di Presidenza, Emanuele Matta (Movimento Cinque stelle).<\/p>\n\n\n\n<p>Il presidente Comandini ha dichiarato conclusa la seduta, che sar\u00e0 convocata a domicilio.&nbsp;Com<\/p>\n","protected":false},"excerpt":{"rendered":"<p>Cagliari, 23 Apr 2024 &#8211; Il presidente Comandini ha aperto i lavori della seconda seduta della XVII legislatura del Consiglio regionale e ha comunicato l\u2019avvenuta&#8230;<\/p>\n","protected":false},"author":2,"featured_media":247214,"comment_status":"closed","ping_status":"open","sticky":false,"template":"","format":"standard","meta":[],"categories":[49,52],"tags":[],"_links":{"self":[{"href":"https:\/\/www.cronacaonline.it\/index.php\/wp-json\/wp\/v2\/posts\/247213"}],"collection":[{"href":"https:\/\/www.cronacaonline.it\/index.php\/wp-json\/wp\/v2\/posts"}],"about":[{"href":"https:\/\/www.cronacaonline.it\/index.php\/wp-json\/wp\/v2\/types\/post"}],"author":[{"embeddable":true,"href":"https:\/\/www.cronacaonline.it\/index.php\/wp-json\/wp\/v2\/users\/2"}],"replies":[{"embeddable":true,"href":"https:\/\/www.cronacaonline.it\/index.php\/wp-json\/wp\/v2\/comments?post=247213"}],"version-history":[{"count":1,"href":"https:\/\/www.cronacaonline.it\/index.php\/wp-json\/wp\/v2\/posts\/247213\/revisions"}],"predecessor-version":[{"id":247215,"href":"https:\/\/www.cronacaonline.it\/index.php\/wp-json\/wp\/v2\/posts\/247213\/revisions\/247215"}],"wp:featuredmedia":[{"embeddable":true,"href":"https:\/\/www.cronacaonline.it\/index.php\/wp-json\/wp\/v2\/media\/247214"}],"wp:attachment":[{"href":"https:\/\/www.cronacaonline.it\/index.php\/wp-json\/wp\/v2\/media?parent=247213"}],"wp:term":[{"taxonomy":"category","embeddable":true,"href":"https:\/\/www.cronacaonline.it\/index.php\/wp-json\/wp\/v2\/categories?post=247213"},{"taxonomy":"post_tag","embeddable":true,"href":"https:\/\/www.cronacaonline.it\/index.php\/wp-json\/wp\/v2\/tags?post=247213"}],"curies":[{"name":"wp","href":"https:\/\/api.w.org\/{rel}","templated":true}]}}