{"id":247117,"date":"2024-04-19T16:42:56","date_gmt":"2024-04-19T14:42:56","guid":{"rendered":"https:\/\/www.cronacaonline.it\/?p=247117"},"modified":"2024-04-19T16:42:58","modified_gmt":"2024-04-19T14:42:58","slug":"scuola-prove-orali-dei-docenti-fuori-dalla-sardegna-lassessora-portas-grave-discriminazione-subito-interlocuzioni-con-il-ministero","status":"publish","type":"post","link":"https:\/\/www.cronacaonline.it\/index.php\/2024\/04\/19\/scuola-prove-orali-dei-docenti-fuori-dalla-sardegna-lassessora-portas-grave-discriminazione-subito-interlocuzioni-con-il-ministero\/","title":{"rendered":"Scuola: prove orali dei docenti fuori dalla Sardegna. L&#8217;assessora Portas, grave discriminazione. Subito interlocuzioni con il ministero."},"content":{"rendered":"\n<p>Cagliari, 19 Apr 2024 -\u00a0I docenti sardi precari, costretti a sostenere le prove orali fuori dall\u2019isola, sono evidentemente svantaggiati e subiscono, dunque, una grave discriminazione rispetto ai colleghi del resto d\u2019Italia, che con 30 euro di biglietto e un semplice treno possono agevolmente raggiungere la sede di colloquio alla quale sono stati destinati.\u00a0Lo dichiara l\u2019assessora regionale della pubblica istruzione Ilaria Portas.\u00a0<\/p>\n\n\n\n<p>\u201cUn insegnante sardo invece \u2013 sottolinea l\u2019esponente della giunta sarda - deve spendere il doppio del tempo in viaggio, prendere un aereo, e ci\u00f2 non ha lo stesso prezzo di un treno, n\u00e9 la stessa frequenza di tratte, e sicuramente deve poi dormire fuori casa. Oltre al denaro e al tempo \u2013 aggiunge - consideriamo anche il disagio che tutto questo crea al docente e alla sua famiglia. Ancora una volta, per quanto riguarda il tema scuola e istruzione, dobbiamo prendere atto di come non si sia tenuto conto delle specificit\u00e0 isolane. Siamo al fianco degli insegnanti in questa giusta battaglia e ci attiveremo nelle prossime ore per intraprendere interlocuzioni con il Miur, il Ministero dell\u2019istruzione, dell\u2019universit\u00e0 e della ricerca, e verificare la disponibilit\u00e0 per portare definitivamente a risoluzione le difficolt\u00e0 degli insegnanti sardi\u201d. Com<\/p>\n","protected":false},"excerpt":{"rendered":"<p>Cagliari, 19 Apr 2024 &#8211;\u00a0I docenti sardi precari, costretti a sostenere le prove orali fuori dall\u2019isola, sono evidentemente svantaggiati e subiscono, dunque, una grave discriminazione&#8230;<\/p>\n","protected":false},"author":2,"featured_media":196029,"comment_status":"closed","ping_status":"open","sticky":false,"template":"","format":"standard","meta":[],"categories":[49,52],"tags":[],"_links":{"self":[{"href":"https:\/\/www.cronacaonline.it\/index.php\/wp-json\/wp\/v2\/posts\/247117"}],"collection":[{"href":"https:\/\/www.cronacaonline.it\/index.php\/wp-json\/wp\/v2\/posts"}],"about":[{"href":"https:\/\/www.cronacaonline.it\/index.php\/wp-json\/wp\/v2\/types\/post"}],"author":[{"embeddable":true,"href":"https:\/\/www.cronacaonline.it\/index.php\/wp-json\/wp\/v2\/users\/2"}],"replies":[{"embeddable":true,"href":"https:\/\/www.cronacaonline.it\/index.php\/wp-json\/wp\/v2\/comments?post=247117"}],"version-history":[{"count":1,"href":"https:\/\/www.cronacaonline.it\/index.php\/wp-json\/wp\/v2\/posts\/247117\/revisions"}],"predecessor-version":[{"id":247118,"href":"https:\/\/www.cronacaonline.it\/index.php\/wp-json\/wp\/v2\/posts\/247117\/revisions\/247118"}],"wp:featuredmedia":[{"embeddable":true,"href":"https:\/\/www.cronacaonline.it\/index.php\/wp-json\/wp\/v2\/media\/196029"}],"wp:attachment":[{"href":"https:\/\/www.cronacaonline.it\/index.php\/wp-json\/wp\/v2\/media?parent=247117"}],"wp:term":[{"taxonomy":"category","embeddable":true,"href":"https:\/\/www.cronacaonline.it\/index.php\/wp-json\/wp\/v2\/categories?post=247117"},{"taxonomy":"post_tag","embeddable":true,"href":"https:\/\/www.cronacaonline.it\/index.php\/wp-json\/wp\/v2\/tags?post=247117"}],"curies":[{"name":"wp","href":"https:\/\/api.w.org\/{rel}","templated":true}]}}