{"id":247067,"date":"2024-04-18T16:48:38","date_gmt":"2024-04-18T14:48:38","guid":{"rendered":"https:\/\/www.cronacaonline.it\/?p=247067"},"modified":"2024-04-18T16:48:40","modified_gmt":"2024-04-18T14:48:40","slug":"agricoltura-assessore-satta-primo-appuntamento-con-le-associazioni-del-comparto-agricolo","status":"publish","type":"post","link":"https:\/\/www.cronacaonline.it\/index.php\/2024\/04\/18\/agricoltura-assessore-satta-primo-appuntamento-con-le-associazioni-del-comparto-agricolo\/","title":{"rendered":"Agricoltura: assessore Satta, primo appuntamento con le associazioni del comparto agricolo."},"content":{"rendered":"\n<p>Cagliari, 18 Apr 2024 -\u00a0L\u2019assessore regionale dell\u2019agricoltura e riforma agro pastorale, Gian Franco Satta, ha incontrato questa mattina a Cagliari i rappresentanti delle associazioni di categoria del comparto agricolo. Si tratta di un primo appuntamento di ascolto e confronto tra l\u2019assessorato e le associazioni per trovare soluzioni alle criticit\u00e0, cercare le opportunit\u00e0 per valorizzare le eccellenze e creare interazioni positive e propositive. \"Il futuro dell'agricoltura - ha sottolineato l\u2019assessore - non pu\u00f2 essere costruito su emergenze affrontate in apnea. Serve una visione concreta, condivisa e lungimirante. \u00c8 necessaria una legge quadro che abbia l'agricoltura e i suoi attori al centro\". La semplificazione burocratica, l\u2019intervento sui ritardi nei pagamenti e la riforma delle agenzie regionali sono punti all'ordine del giorno in agenda.<\/p>\n\n\n\n<p>\u201cIl settore agricolo - ha precisato l\u2019esponente dell\u2019Esecutivo - \u00e8 uno dei fondamentali pilastri dell'economia sarda, ma fa i conti in maniera ormai cronica con il problema, sistemico, del&nbsp;ritardo nei pagamenti, direttamente impattante sulle economie agricole al presente e in prospettiva futura, investimenti e innovazione. Senza liquidit\u00e0 non si cresce: serve garantire tempestivit\u00e0 nelle liquidazioni, serve dare seguito ad un diritto in capo agli imprenditori agricoli, serve agire in maniera decisa per alimentare lo sviluppo del settore e preservarne la salute. Senza dimenticare le difficolt\u00e0 di accesso al credito - in primis per le aziende agricole di piccola dimensione - che comporta una ulteriore drastica riduzione della capacit\u00e0 di investire. L\u2019Amministrazione deve affrontare la questione con approccio strategico e coordinato, confrontandosi con tutte le parti del sistema agricolo e burocratico\u201d.<\/p>\n\n\n\n<p>\u201cDal 2006, anno in cui la Regione ha istituito le Agenzie Agris, Laore e Argea, il comparto ha subito trasformazioni profonde a livello globale e locale. Cambiamenti climatici, avanzamenti tecnologici, nuove normative nazionali ed europee, evoluzione delle esigenze del mercato - ha spiegato Satta - sono fattori che hanno radicalmente modificato il mondo agricolo. Le evidenze mostrano che le agenzie, come attualmente strutturate, faticano ad affrontare le problematiche generate dalle nuove dinamiche. \u00c8 indispensabile che le Istituzioni siano capaci di gestire questa crescente complessit\u00e0, affrontandole in maniera pi\u00f9 integrata e coordinata, attraverso - auspicabile e necessaria - la riorganizzazione complessiva e ben pianificata delle strutture, a partire dalla valorizzazione di professionalit\u00e0 e competenze\u201d.<\/p>\n\n\n\n<p>\u201c2023-2027: l'Europa ha deciso di offrire un sostegno pi\u00f9 mirato alle aziende agricole di piccole dimensioni consentendo agli Stati membri maggiore flessibilit\u00e0 nell'adattare le misure alle condizioni locali. In Sardegna il sistema produttivo agro-pastorale - ha proseguito l\u2019assessore - \u00e8 allineato agli standard europei, per qualit\u00e0 dei prodotti e rispetto dell'ambiente. Ma l\u2019entrata in vigore della nuova PAC ci ha pesantemente penalizzato. C\u2019\u00e8 stata una forte perdita di risorse disponibili rispetto al passato - in termini assoluti e relativi - con il passaggio dal quarto al settimo posto tra le regioni d\u2019Italia. Senza dimenticare l\u2019esclusione dell\u2019allevamento ovicaprino dall\u2019eco-schema 1 a livello 2. Tale esclusione comporta discriminazioni e penalizzazioni rilevanti per le nostre aziende e per l\u2019economia sarda. Diverse quindi le questioni aperte e - ha concluso Satta - occorre istituire tempestivamente un tavolo nazionale per ridiscutere le tante criticit\u00e0 registrate\u201d. Com<\/p>\n","protected":false},"excerpt":{"rendered":"<p>Cagliari, 18 Apr 2024 &#8211;\u00a0L\u2019assessore regionale dell\u2019agricoltura e riforma agro pastorale, Gian Franco Satta, ha incontrato questa mattina a Cagliari i rappresentanti delle associazioni di&#8230;<\/p>\n","protected":false},"author":2,"featured_media":247029,"comment_status":"closed","ping_status":"open","sticky":false,"template":"","format":"standard","meta":[],"categories":[49,52],"tags":[],"_links":{"self":[{"href":"https:\/\/www.cronacaonline.it\/index.php\/wp-json\/wp\/v2\/posts\/247067"}],"collection":[{"href":"https:\/\/www.cronacaonline.it\/index.php\/wp-json\/wp\/v2\/posts"}],"about":[{"href":"https:\/\/www.cronacaonline.it\/index.php\/wp-json\/wp\/v2\/types\/post"}],"author":[{"embeddable":true,"href":"https:\/\/www.cronacaonline.it\/index.php\/wp-json\/wp\/v2\/users\/2"}],"replies":[{"embeddable":true,"href":"https:\/\/www.cronacaonline.it\/index.php\/wp-json\/wp\/v2\/comments?post=247067"}],"version-history":[{"count":1,"href":"https:\/\/www.cronacaonline.it\/index.php\/wp-json\/wp\/v2\/posts\/247067\/revisions"}],"predecessor-version":[{"id":247068,"href":"https:\/\/www.cronacaonline.it\/index.php\/wp-json\/wp\/v2\/posts\/247067\/revisions\/247068"}],"wp:featuredmedia":[{"embeddable":true,"href":"https:\/\/www.cronacaonline.it\/index.php\/wp-json\/wp\/v2\/media\/247029"}],"wp:attachment":[{"href":"https:\/\/www.cronacaonline.it\/index.php\/wp-json\/wp\/v2\/media?parent=247067"}],"wp:term":[{"taxonomy":"category","embeddable":true,"href":"https:\/\/www.cronacaonline.it\/index.php\/wp-json\/wp\/v2\/categories?post=247067"},{"taxonomy":"post_tag","embeddable":true,"href":"https:\/\/www.cronacaonline.it\/index.php\/wp-json\/wp\/v2\/tags?post=247067"}],"curies":[{"name":"wp","href":"https:\/\/api.w.org\/{rel}","templated":true}]}}