{"id":246960,"date":"2024-04-16T09:09:33","date_gmt":"2024-04-16T07:09:33","guid":{"rendered":"https:\/\/www.cronacaonline.it\/?p=246960"},"modified":"2024-04-16T09:09:36","modified_gmt":"2024-04-16T07:09:36","slug":"comunali-cagliari-nel-capoluogo-regionale-sfida-tra-i-due-zedda-massimo-per-il-centro-sinistra-e-alessandra-per-il-centro-destra-senza-sardisti","status":"publish","type":"post","link":"https:\/\/www.cronacaonline.it\/index.php\/2024\/04\/16\/comunali-cagliari-nel-capoluogo-regionale-sfida-tra-i-due-zedda-massimo-per-il-centro-sinistra-e-alessandra-per-il-centro-destra-senza-sardisti\/","title":{"rendered":"Comunali Cagliari \u2013 Nel capoluogo regionale sfida tra i due Zedda: Massimo per il centro sinistra e Alessandra per il centro destra senza sardisti."},"content":{"rendered":"\n<p>Cagliari, 16 Apr 2024 \u2013 Nel tardo pomeriggio di ieri, nella sede del Pd, si \u00e8 deciso, finalmente, che a sfidare la candidata del centro destra, Alessandra Zedda sar\u00e0 l\u2019altro Zedda: Massimo, per il centro sinistra.<\/p>\n\n\n\n<p>Ieri, infatti, \u00e8 stato deciso che sar\u00e0 Massimo Zedda, presidente dei Progressisti sardi, il candidato a sindaco di Cagliari alle comunali dell'8 e 9 giugno per il campo largo, che alle recenti elezioni regionali ha espresso la presidente Alessandra Todde. Che purtroppo ha cominciato malissimo facendosi nominare ai posti di vero potere degli \u2018stranieri\u2019, che sicuramente li ha messi l\u00ec Conte e non Todde, e che con la Sardegna e la sua autonomia non hanno nulla a che vedere.<\/p>\n\n\n\n<p>Durante l\u2019incontro convocato questa nel tardo pomeriggio di ieri, nella sede regionale del Partito Democratico a Cagliari, il Pd, che aveva chiesto ancora del tempo, ha sciolto le sue riserve e dichiarato la sua convergenza sul nome dell'ex primo cittadino (due mandati consecutivi dal 2011 al 2019).<\/p>\n\n\n\n<p>La candidatura di Massimo Zedda \u00e8 appoggiata dal M5s, Avs e dalle altre sigle.<\/p>\n\n\n\n<p>Ora ci sono da riempire le ultime caselle nella regione: infatti si sta cercando un accorso sulle candidature del centrosinistra, le partite per Sassari e Alghero.<\/p>\n\n\n\n<p>Nella citt\u00e0 turritana il nodo da sciogliere, \u00e8 tra l'ex sindaco dem Gianfranco Ganau, gi\u00e0 presidente del Consiglio regionale e nell\u2019ultima legislatura capogruppo Pd in Consiglio regionale, e il coordinatore provinciale del Pd Giuseppe Mascia. Invece ad Alghero \u00e8 quasi ufficiale Raimondo Cacciotto, esponente del Pd che avrebbe l\u2019appoggio di tutti.<br>Nel centrodestra, a Sassari, la convergenza del centro destra su Gavino Mariotti, attuale rettore dell'Universit\u00e0, \u00e8 ormai decisa ma in campo ci sono anche una serie di candidati civici, come l'avvocato Nicola Lucchi, in continuit\u00e0 con l'attuale giunta di Nanni Campus.<\/p>\n\n\n\n<p>Infine nella cittadina catalana si confronteranno l'ex sindaco Marco Tedde, di Fi, e Francesco Marinaro esponente dei Riformatori che pu\u00f2 contare sul sostegno dei centristi. Resta l'incognita dei candidati del Psd'Az: i sardisti infatti hanno rotto con il centrodestra e si attendono le prossime mosse dei vertici del partito.<\/p>\n","protected":false},"excerpt":{"rendered":"<p>Cagliari, 16 Apr 2024 \u2013 Nel tardo pomeriggio di ieri, nella sede del Pd, si \u00e8 deciso, finalmente, che a sfidare la candidata del centro&#8230;<\/p>\n","protected":false},"author":2,"featured_media":225916,"comment_status":"closed","ping_status":"open","sticky":false,"template":"","format":"standard","meta":[],"categories":[49,52],"tags":[],"_links":{"self":[{"href":"https:\/\/www.cronacaonline.it\/index.php\/wp-json\/wp\/v2\/posts\/246960"}],"collection":[{"href":"https:\/\/www.cronacaonline.it\/index.php\/wp-json\/wp\/v2\/posts"}],"about":[{"href":"https:\/\/www.cronacaonline.it\/index.php\/wp-json\/wp\/v2\/types\/post"}],"author":[{"embeddable":true,"href":"https:\/\/www.cronacaonline.it\/index.php\/wp-json\/wp\/v2\/users\/2"}],"replies":[{"embeddable":true,"href":"https:\/\/www.cronacaonline.it\/index.php\/wp-json\/wp\/v2\/comments?post=246960"}],"version-history":[{"count":1,"href":"https:\/\/www.cronacaonline.it\/index.php\/wp-json\/wp\/v2\/posts\/246960\/revisions"}],"predecessor-version":[{"id":246961,"href":"https:\/\/www.cronacaonline.it\/index.php\/wp-json\/wp\/v2\/posts\/246960\/revisions\/246961"}],"wp:featuredmedia":[{"embeddable":true,"href":"https:\/\/www.cronacaonline.it\/index.php\/wp-json\/wp\/v2\/media\/225916"}],"wp:attachment":[{"href":"https:\/\/www.cronacaonline.it\/index.php\/wp-json\/wp\/v2\/media?parent=246960"}],"wp:term":[{"taxonomy":"category","embeddable":true,"href":"https:\/\/www.cronacaonline.it\/index.php\/wp-json\/wp\/v2\/categories?post=246960"},{"taxonomy":"post_tag","embeddable":true,"href":"https:\/\/www.cronacaonline.it\/index.php\/wp-json\/wp\/v2\/tags?post=246960"}],"curies":[{"name":"wp","href":"https:\/\/api.w.org\/{rel}","templated":true}]}}