{"id":246771,"date":"2024-04-09T14:56:30","date_gmt":"2024-04-09T12:56:30","guid":{"rendered":"https:\/\/www.cronacaonline.it\/?p=246771"},"modified":"2024-04-09T14:56:34","modified_gmt":"2024-04-09T12:56:34","slug":"aperta-la-xvii-ma-legislatura-la-mattinata-politica-in-consiglio-regionale-piero-comandini-eletto-presidente-del-consiglio-regionale-sardo","status":"publish","type":"post","link":"https:\/\/www.cronacaonline.it\/index.php\/2024\/04\/09\/aperta-la-xvii-ma-legislatura-la-mattinata-politica-in-consiglio-regionale-piero-comandini-eletto-presidente-del-consiglio-regionale-sardo\/","title":{"rendered":"Aperta la XVII\/ma Legislatura \u2013 La mattinata politica in consiglio regionale, Piero Comandini eletto presidente del Consiglio regionale sardo."},"content":{"rendered":"\n<p>Cagliari, 9 Apr 2024 - Si \u00e8 aperta la XVII legislatura del Consiglio regionale della Sardegna. Il consigliere anziano Lorenzo Cozzolino ha dichiarato aperta la seduta e ai sensi del regolamento ha invitato in consiglieri Alessandro Solinas, Umberto Ticca, Michele Ciusa e Alessandro Pilurzu quali consiglieri pi\u00f9 giovani per esercitare le funzioni di segretari provvisori.<\/p>\n\n\n\n<p>Subito dopo il presidente provvisorio ha dato corso al giuramento dei consiglieri regionali e per primo ha prestato giuramento. A seguire ha invitato la presidente della Regione, Alessandra Todde, e i consiglieri regionali a prestare il medesimo giuramento. Chiamati uno a uno dai segretari, i consiglieri hanno giurato.<\/p>\n\n\n\n<p>Il consigliere Cozzolino, in qualit\u00e0 di presidente provvisorio, ha quindi invitato la presidente Todde a dare lettura dei componenti Giunta che risulta cos\u00ec composta: Maria Elena Motzo (Affari generali) Giuseppe, Meloni (Programmazione), Francesco Spanedda (Enti locali), Rosanna Laconi (Ambiente), Gianfranco Satta (Agricoltura), Franco Cuccureddu (Turismo), Antonio Piu (Lavori pubblici), Emanuele Cani (Industria), Desir\u00e8 Alma Manca (Lavoro), Ilaria Portas (Pubblica istruzione), Armando Bartolazzi (Sanit\u00e0), Barbara Manca (Trasporti). Invece gli assessori non consiglieri regionali hanno prestato giuramento e i consiglieri assessori hanno preso posto nei banchi della Giunta. Quindi il presidente, Lorenzo Cozzolino, ha svolto il suo intervento di apertura della legislatura: \u201cPresidente della Regione, signore e signori membri della Giunta regionale, onorevoli signore e onorevoli signori Consiglieri regionali, \u00e8 grazie alla mia et\u00e0, ma solo per cinquanta giorni di differenza all\u2019anagrafe con il collega Giuseppino Canu, che ho il grande onore di dare avvio alla diciassettesima legislatura dell'Autonomia sarda che vede per la prima volta una donna eletta come Presidente della nostra Regione. Presidente Todde, nel congratularmi la saluto e Le auguro che il Suo mandato porti a un futuro di buon governo e prosperit\u00e0 per la nostra Regione. Come consuetudine, da consigliere pi\u00f9 anziano, prima delle elezioni del nuovo Presidente del Consiglio regionale, \u00e8 mio compito pronunciare questo discorso intriso di doverosi saluti e di auspicabili indirizzi da seguire nel corso della prossima legislatura. Porgo i miei auguri di proficuo lavoro ai nuovi consiglieri regionali e un saluto affettuoso ai colleghi che ho gi\u00e0 avuto modo di conoscere nella quattordicesima e quindicesima legislatura. Porgo i miei saluti agli assessori regionali e alle autorit\u00e0 presenti. Auspico innanzitutto una reciproca e costante collaborazione tra la Giunta regionale e questa Assemblea, con proficue interlocuzioni finalizzate a realizzare le risposte legislative necessarie per soddisfare le aspettative dei sardi e per sconfiggere cos\u00ec le diffidenze dei tanti cittadini che non vanno pi\u00f9 a votare. Ai sardi dobbiamo ridare la fiducia, un senso e un valore al diritto costituzionale di manifestare la propria volont\u00e0 durante le elezioni, esprimendo il proprio voto.<\/p>\n\n\n\n<p>Dobbiamo dimostrare che questa Assemblea \u2013 ha detto - \u00e8 la casa della democrazia e della partecipazione. In campagna elettorale abbiamo promesso che ci saremmo occupati di risolvere le crisi che affliggono la nostra regione, ora, per farlo, dobbiamo aprire le porte del palazzo ma soprattutto aprire le orecchie per saper ascoltare i reali bisogni e per poter costruire dopo, con razionalit\u00e0, le leggi necessarie. Umanizzare quindi l\u2019azione del governo, ponendo la persona e i suoi intangibili valori al centro dell\u2019assolvimento della funzione pubblica, costituir\u00e0 un primo valido segnale del ritorno della politica vicina e attenta alle esigenze dei cittadini. Ufficio Stampa Noi, da questa casa, dobbiamo pensare a tutti i Sardi, a quelli residenti nell\u2019isola e a quelli che vivono fuori dai confini regionali, in Italia, in Europa e nel resto del mondo. In un momento storico drammatico dove, in diverse aree della terra, si \u00e8 divisi e lacerati da guerre e conflitti, noi dobbiamo trasmettere i valori autentici della sardit\u00e0 che vogliono un popolo unito nel perseguire un solo fine: la pace tra i popoli. \u00c8 questa la politica che auspico, fatta di un confronto leale e propositivo tra le parti che hanno a cuore il solo fine del bene collettivo. I Sardi attendono, Presidente, una amministrazione regionale che, custodendo e rivendicando la sua specialit\u00e0, sappia affrontare con coraggio i problemi e le aspettative della Sardegna, anche sotto il profilo giuridico e che s\u2019impegni per trasformare la condizione attualmente sfavorevole dell\u2019insularit\u00e0 in una risorsa di positiva opportunit\u00e0. Inoltre l\u2019attuale maggioranza di governo regionale, visto il dramma economico e sociale che attanaglia l\u2019isola, deve promuovere azioni tese a cementare la necessaria coesione tra le persone, i territori e le istituzioni, privilegiando la ricerca del bene comune, a partire dall\u2019attenzione per chi soffre maggiormente. Occorre dare fiducia ai nostri giovani. Hanno tante doti e capacit\u00e0 che noi adulti, purtroppo, non sappiamo riconoscere e valorizzare. Non dobbiamo considerarli come soggetti passivi, ma veri protagonisti della propria crescita in un autentico rapporto educativo: sono loro il nostro futuro. Preoccupa la crescente realt\u00e0 della nuova emigrazione, in particolare quella giovanile. Ne deriva inevitabilmente un calo di presenze attive nell\u2019organizzazione del lavoro e l\u2019impoverimento, non solo demografico, dell\u2019isola, soprattutto delle zone interne. \u00c8 comunque importante considerare che, se da un lato l\u2019emigrazione \u00e8 conseguenza di una realt\u00e0 sociale incapace di valorizzare le potenzialit\u00e0 dei giovani, dall\u2019altra parte non \u00e8 corretto scoraggiare, a priori, una fisiologica mobilit\u00e0 per studio e opportunit\u00e0 di carriera, perch\u00e9 si tratta di scelte fatte in piena libert\u00e0. \u00c8 urgente avviare da subito un confronto con il Governo nazionale sui temi dell\u2019Autonomia differenziata e sul principio d\u2019insularit\u00e0. Sono questioni troppo importanti che rischiano di penalizzare ulteriormente il divario economico, gi\u00e0 pesante, tra la nostra regione e il resto del Paese. Con l'Unione europea dobbiamo riprendere le storiche battaglie autonomistiche. Grandi sono le sfide che ci attendono: sanit\u00e0, \u00e8 assurdo assistere alla carenza di medici di base in tutte le zone interne della Sardegna, agli ospedali del territorio abbandonati, a liste di attesa infinite, a pazienti costretti ad emigrare per curarsi; Ufficio Stampa lavoro, in tutti settori della vita amministrativa, compreso quello sanitario, bisogna dare risposta al fabbisogno di personale, attraverso lo scorrimento delle graduatorie e l'indizione di nuovi concorsi; agricoltura e pastorizia, dobbiamo ascoltare e risolvere i problemi di questo comparto vitale per la nostra economia. Un popolo, quello delle campagne, che negli ultimi anni ha dovuto attuare forme di protesta estreme per rivendicare e farsi riconoscere l\u2019essenziale per continuare a lavorare e a produrre. Un comparto, quello agro pastorale, che sar\u00e0 il primo a scontare le conseguenze nefaste di una stagione estiva che si presenta, secondo le previsioni, con temperature altissime, poca acqua e con la mannaia distruttiva delle cavallette e degli incendi; trasporti, oggi \u00e8 impossibile muoversi da e per la Sardegna e anche dentro la nostra regione treni e strade non garantiscono tempi e sicurezza nella mobilit\u00e0; ambiente, va rafforzata la sua tutela attraverso la riorganizzazione e il potenziamento delle strutture preposte alla salvaguardia ambientale come il Corpo Forestale regionale, l\u2019Agenzia Forestas e la Protezione Civile; energia, va promosso lo sviluppo delle fonti di energia alternativa contemperando le esigenze di tutela del paesaggio e del territorio, ma soprattutto \u00e8 indispensabile il coinvolgimento delle comunit\u00e0 locali destinatarie della localizzazione degli impianti; turismo, dobbiamo pensare alla promozione moderna dell\u2019offerta turistica puntando sulla valorizzazione del nostro patrimonio naturale culturale e storico che devono diventare veri attrattori multi stagionali. Questo \u00e8 il compito che ci attende, e per quanto difficile possa apparire, a esso dobbiamo dedicarci con tutte le nostre forze per creare fiducia nel domani e nei giovani e offrire migliori condizioni per una serena e pacifica convivenza del nostro popolo. Auguro a tutti buon lavoro\u201d. A conclusione del suo intervento, il presidente provvisorio ha dato lettura dell\u2019articolo 3 del regolamento interno, quello inerente l\u2019elezione del presidente del consiglio che avviene a scrutinio segreto e al primo scrutinio stabilisce la maggioranza di due terzi dei componenti dell\u2019assemblea e in caso di mancato raggiungimento del quorum si procede col secondo scrutinio, in cui \u00e8 richiesta la maggioranza dei due terzi dei votanti e a seguire la maggioranza assoluta.<\/p>\n\n\n\n<p>I segretari hanno pertanto proceduto con la chiamata dei consiglieri ed il presidente provvisorio ha informato l\u2019Aula della comunicazione della Presidente della Regione che attribuisce all\u2019assessore del Bilancio e Programmazione, Giuseppe Meloni, le funzioni di vice presidente della Giunta. E una volta concluse le operazioni di spoglio, il presidente Cozzolino, ha comunicato l\u2019esito del primo scrutinio: presenti, 60, astenuti 33, votanti 27, schede bianche 21, nulle 1, Comandini, 3 e Peru, 2. Non essendo stato raggiunto il quorum (40 voti validi) si \u00e8 proceduto con la seconda votazione. Concluse le votazioni e lo spoglio, il presidente ha comunicato l\u2019esito del secondo scrutinio: presenti 53, astenuti 32, votanti 21, bianche 14, Peru, 6, Cozzolino, 1. Si \u00e8 quindi proceduto con la terza votazione (quorum: maggioranza assoluta). Concluse le operazioni di voto, il presidente provvisorio dell\u2019assemblea, al termine dello spoglio ha comunicato l\u2019esito del terzo scrutinio: presenti 60, votanti 60, schede bianche 16, nulle 1, Comandini 42, Peru 1; e ha dunque proclamato eletto presidente del Consiglio regionale della Sardegna, l\u2019onorevole Piero Comandini (Pd). Quindi Comandini ha preso posto alla presidenza e ha esordito cos\u00ec: \u00abE\u2019 difficile iniziare questo ruolo dopo aver la prova di questo affetto da colleghi di maggioranza e anche dell\u2019opposizione. Noi oggi qua siamo dei privilegiati e abbiamo la grande responsabilit\u00e0 di scrivere pagine belle per i sardi, se saremo uniti e se avremo gli stessi obiettivi. Grazie a chi mi ha dato questa responsabilit\u00e0 di svolgere un ruolo istituzionale in quest\u2019aula e fuori da qui. Vi ringrazio tutti nello stesso modo, per quello che insieme faremo in quest\u2019aula portando avanti leggi importanti: \u00e8 questo l\u2019obiettivo che ci ha animati quando abbiamo deciso di candidarci. Dobbiamo voltare alto e spogliarci anche delle nostre appartenenze politiche senza rinnegare la propria cultura politica e la propria storia. Dobbiamo avere davanti soltanto i problemi dei sardi, aiutare le donne sarde che sono in condizione di estrema difficolt\u00e0 soprattutto quando lavorano. Dobbiamo trovare in questa istituzione le soluzioni ai problemi, soluzioni che i sardi attendono. E cominciamo oggi questo cammino con una donna presidente della Regione, una grande novit\u00e0. Ma ringrazio anche Paolo Truzzu per come ha condotto la campagna elettorale e per le parole di apprezzamento che ha avuto il giorno dopo.<\/p>\n\n\n\n<p>Poi, Paolo Truzzu ha confermato di essere un vero uomo delle istituzioni. Sono sicuro che la minoranza lavorer\u00e0 insieme con noi in questa che ritengo essere una fase costituente per la Sardegna. Voliamo alto, ci sar\u00e0 un tempo per i confronti fuori da quest\u2019aula ma qui Ufficio Stampa mettiamoci la maglietta dei sardi e dimostriamo di avere un cuore che batte per i sardi. Non possiamo non guardare fuori dalla Sardegna, alla guerra e al Mediterraneo, ai tanti che cercano miglior fortuna varcando. Sar\u00f2 il presidente di tutti e cercher\u00f2 di essere il presidente del sardi. Grazie\u00bb. Il presidente ha dunque dichiarato conclusi i lavori e preannunciato i nuovi impegni dell\u2019assemblea, ad incominciare dalla formazione dell\u2019ufficio di presidenza e la costituzione dei gruppi e delle commissioni consiliari. Com<\/p>\n","protected":false},"excerpt":{"rendered":"<p>Cagliari, 9 Apr 2024 &#8211; Si \u00e8 aperta la XVII legislatura del Consiglio regionale della Sardegna. Il consigliere anziano Lorenzo Cozzolino ha dichiarato aperta la&#8230;<\/p>\n","protected":false},"author":2,"featured_media":246766,"comment_status":"closed","ping_status":"open","sticky":false,"template":"","format":"standard","meta":[],"categories":[49,52],"tags":[],"_links":{"self":[{"href":"https:\/\/www.cronacaonline.it\/index.php\/wp-json\/wp\/v2\/posts\/246771"}],"collection":[{"href":"https:\/\/www.cronacaonline.it\/index.php\/wp-json\/wp\/v2\/posts"}],"about":[{"href":"https:\/\/www.cronacaonline.it\/index.php\/wp-json\/wp\/v2\/types\/post"}],"author":[{"embeddable":true,"href":"https:\/\/www.cronacaonline.it\/index.php\/wp-json\/wp\/v2\/users\/2"}],"replies":[{"embeddable":true,"href":"https:\/\/www.cronacaonline.it\/index.php\/wp-json\/wp\/v2\/comments?post=246771"}],"version-history":[{"count":1,"href":"https:\/\/www.cronacaonline.it\/index.php\/wp-json\/wp\/v2\/posts\/246771\/revisions"}],"predecessor-version":[{"id":246772,"href":"https:\/\/www.cronacaonline.it\/index.php\/wp-json\/wp\/v2\/posts\/246771\/revisions\/246772"}],"wp:featuredmedia":[{"embeddable":true,"href":"https:\/\/www.cronacaonline.it\/index.php\/wp-json\/wp\/v2\/media\/246766"}],"wp:attachment":[{"href":"https:\/\/www.cronacaonline.it\/index.php\/wp-json\/wp\/v2\/media?parent=246771"}],"wp:term":[{"taxonomy":"category","embeddable":true,"href":"https:\/\/www.cronacaonline.it\/index.php\/wp-json\/wp\/v2\/categories?post=246771"},{"taxonomy":"post_tag","embeddable":true,"href":"https:\/\/www.cronacaonline.it\/index.php\/wp-json\/wp\/v2\/tags?post=246771"}],"curies":[{"name":"wp","href":"https:\/\/api.w.org\/{rel}","templated":true}]}}