{"id":246763,"date":"2024-04-09T12:55:09","date_gmt":"2024-04-09T10:55:09","guid":{"rendered":"https:\/\/www.cronacaonline.it\/?p=246763"},"modified":"2024-04-09T12:55:10","modified_gmt":"2024-04-09T10:55:10","slug":"piero-comandini-e-il-nuovo-presidente-del-consiglio-regionale-della-sardegna","status":"publish","type":"post","link":"https:\/\/www.cronacaonline.it\/index.php\/2024\/04\/09\/piero-comandini-e-il-nuovo-presidente-del-consiglio-regionale-della-sardegna\/","title":{"rendered":"Piero Comandini \u00e8 il nuovo presidente del Consiglio regionale della Sardegna."},"content":{"rendered":"\n<p>Cagliari, 8 Apr 2024 - A quest\u2019ora, come tutti i sardi sapranno, l\u2019attuale segretario del Partito Democratico della Sardegna, Piero Comandini \u00e8 stato eletto presidente del Consiglio regionale.<\/p>\n\n\n\n<p>Il consigliere regionale Pd, alla seconda legislatura, \u00e8 stato eletto con 42 preferenze (quindi anche con una parte dei voti dell'opposizione) alla terza votazione, in cui era sufficiente la maggioranza semplice, dopo le prime due andate a vuoto per il mancato raggiungimento del quorum dei due terzi dei votanti.<\/p>\n\n\n\n<p>Nelle prime due votazioni, l'opposizione ha votato il consigliere Antonello Peru, Sardegna al Centro 20venti, che \u00e8 il decano di questa legislatura, con la sua quarta elezione nell'Assemblea.<\/p>\n\n\n\n<p>Il nuovo presidente Comandini ha annunciato che si dimetter\u00e0 dalla carica nel partito, non perch\u00e9 il regolamento lo obblighi, ma solo per opportunit\u00e0 e quindi non rivestire il doppio incarico.<\/p>\n","protected":false},"excerpt":{"rendered":"<p>Cagliari, 8 Apr 2024 &#8211; A quest\u2019ora, come tutti i sardi sapranno, l\u2019attuale segretario del Partito Democratico della Sardegna, Piero Comandini \u00e8 stato eletto presidente&#8230;<\/p>\n","protected":false},"author":2,"featured_media":246765,"comment_status":"closed","ping_status":"open","sticky":false,"template":"","format":"standard","meta":[],"categories":[49,52],"tags":[],"_links":{"self":[{"href":"https:\/\/www.cronacaonline.it\/index.php\/wp-json\/wp\/v2\/posts\/246763"}],"collection":[{"href":"https:\/\/www.cronacaonline.it\/index.php\/wp-json\/wp\/v2\/posts"}],"about":[{"href":"https:\/\/www.cronacaonline.it\/index.php\/wp-json\/wp\/v2\/types\/post"}],"author":[{"embeddable":true,"href":"https:\/\/www.cronacaonline.it\/index.php\/wp-json\/wp\/v2\/users\/2"}],"replies":[{"embeddable":true,"href":"https:\/\/www.cronacaonline.it\/index.php\/wp-json\/wp\/v2\/comments?post=246763"}],"version-history":[{"count":1,"href":"https:\/\/www.cronacaonline.it\/index.php\/wp-json\/wp\/v2\/posts\/246763\/revisions"}],"predecessor-version":[{"id":246767,"href":"https:\/\/www.cronacaonline.it\/index.php\/wp-json\/wp\/v2\/posts\/246763\/revisions\/246767"}],"wp:featuredmedia":[{"embeddable":true,"href":"https:\/\/www.cronacaonline.it\/index.php\/wp-json\/wp\/v2\/media\/246765"}],"wp:attachment":[{"href":"https:\/\/www.cronacaonline.it\/index.php\/wp-json\/wp\/v2\/media?parent=246763"}],"wp:term":[{"taxonomy":"category","embeddable":true,"href":"https:\/\/www.cronacaonline.it\/index.php\/wp-json\/wp\/v2\/categories?post=246763"},{"taxonomy":"post_tag","embeddable":true,"href":"https:\/\/www.cronacaonline.it\/index.php\/wp-json\/wp\/v2\/tags?post=246763"}],"curies":[{"name":"wp","href":"https:\/\/api.w.org\/{rel}","templated":true}]}}