{"id":246756,"date":"2024-04-09T11:39:55","date_gmt":"2024-04-09T09:39:55","guid":{"rendered":"https:\/\/www.cronacaonline.it\/?p=246756"},"modified":"2024-04-09T11:53:05","modified_gmt":"2024-04-09T09:53:05","slug":"schede-dei-nuovi-assessori-e-le-assessore-della-giunta-todde","status":"publish","type":"post","link":"https:\/\/www.cronacaonline.it\/index.php\/2024\/04\/09\/schede-dei-nuovi-assessori-e-le-assessore-della-giunta-todde\/","title":{"rendered":"Schede dei nuovi assessori e le assessore della giunta Todde."},"content":{"rendered":"\n<p>Cagliari, 9 Apr 2024 - Armando Bartolazzi specializzato in\u00a0patologia, sottosegretario con conte, chiamato a sistemare la\u00a0sanit\u00e0.<\/p>\n\n\n\n<p>Romano, 63 anni, si \u00e8 laureato in Medicina e Chirurgia alla Sapienza di Roma, dove si \u00e8 anche specializzato in Patologia clinica con indirizzo sperimentale nel 1991 e Istologia e Anatomia patologica nel 1999.&nbsp;Patologo all'Azienda ospedaliero-universitaria Sant\u2019Andrea di Roma, si \u00e8 occupato in particolare di tumori della tiroide. Prima delle elezioni politiche del 2018 fu presentato come eventuale ministro della Salute di un possibile governo Di Maio. Il 13 giugno \u00e8 stato nominato sottosegretario alla Salute del Governo Conte I.<\/p>\n\n\n\n<p>Desir\u00e8 Manca nuova assessora al Lavoro - Nata a Sassari il 17 marzo 1973, Desir\u00e8 Manca dopo il diploma in Ragioneria ha iniziato subito a lavorare come impiegata e poi come direttrice in aziende specializzate nei servizi di assistenza alla persona. In seguito ha deciso di aderire al Movimento 5 Stelle, iniziando cos\u00ec la sua carriera politica che l\u2019ha portata, nel 2014, a essere eletta consigliera comunale a Sassari. Alle Regionali del 2019 ha ottenuto oltre 2.700 preferenze entrando nel parlamentino sardo. Alle ultime Regionali ha ottenuto oltre 8mila preferenze: \u00e8 stata la pi\u00f9 votata nell\u2019isola.<\/p>\n\n\n\n<p>All\u2019urbanistica&nbsp;l\u2019architetto e docente di Alghero Francesco Spanedda, voluto dalla presidente Todde.<\/p>\n\n\n\n<p>Nato a Sassari il 7 luglio 1968, laureato in Architettura all\u2019universit\u00e0 di Venezia con una tesi su \u201cCentrale eolica e parco a Monte Arci\u201d, relatore Vittorio Gregotti, \u00e8 iscritto all\u2019Ordine degli architetti di Sassari e Olbia Tempio dal 1995. Professore associato di Composizione architettonica e urbana alla facolt\u00e0 di Architettura, Design e Urbanistica dell\u2019Universit\u00e0 di Sassari (con sede ad Alghero), \u00e8 stato indicato all\u2019assessorato all\u2019Urbanistica e agli Enti locali dalla stessa presidente della Regione, Alessandra Todde.<\/p>\n\n\n\n<p>Barbara Manca, da assessora alla&nbsp;mobilit\u00e0 nella giunta di Quartu a quella regionale ai&nbsp;Trasporti.<\/p>\n\n\n\n<p>Cagliaritana, classe 1978, Barbara Manca si \u00e8 laureata con 110 e lode in Ingegneria edile-Architettura all\u2019universit\u00e0 del capoluogo, e prima ancora aveva conseguito la maturit\u00e0 classica al liceo Dettori, sempre nella sua citt\u00e0. Dal novembre del 2020 \u00e8 stata assessora alla Mobilit\u00e0 e ai Trasporti di Quartu Sant\u2019Elena. Scorrendo il suo voluminoso curriculum, oltre all\u2019attivit\u00e0 di libera professionista e una parentesi nell\u2019insegnamento, si trova anche un Master internazionale di II livello in Politiche ambientali e territoriali per la sostenibilit\u00e0 e lo sviluppo locale.<\/p>\n\n\n\n<p>Giuseppe&nbsp;Meloni, andr\u00e0 al&nbsp;bilancio. Sar\u00e0 anche il vice di Todde.<\/p>\n\n\n\n<p>Classe 1979, Giuseppe Meloni, figlio di Raimondo, uno degli storici leader socialisti della Gallura, \u00e8 stato eletto consigliere Pd nella provincia di Olbia Tempio. Nel 2010 \u00e8 diventato sindaco di Loiri Porto San Paolo. Nel 2014 il salto in Consiglio regionale, dove \u00e8 stato eletto sotto le insegne del Pd e riconfermato anche nel 2019. Lo scorso 25 febbraio \u00e8 stato rieletto con quasi 7mila voti. Lo scorso anno si era candidato alla segreteria regionale Pd, ma, nonostante avesse preso pi\u00f9 voti, l\u2019ha spuntata Piero Comandini, che lo ha voluto presidente del partito.<\/p>\n\n\n\n<p>Emanuele Cani all\u2019Industria&nbsp;il leader dem da sempre in prima linea nelle battaglie del Sulcis.<\/p>\n\n\n\n<p>Nato a Carbonia nel 1968, sposato e padre di una figlia, Emanuele Cani \u00e8 diplomato all\u2019Istituto tecnico per geometri. Gi\u00e0 assessore e consigliere provinciale per l\u2019ex provincia di Carbonia-Iglesias sia con i Democratici di sinistra che con il Partito democratico, alle elezioni politiche del 2013 \u00e8 stato eletto alla Camera tra le liste del Pd. Il 28 luglio 2018 \u00e8 diventato poi segretario regionale del Partito democratico. Agli inizi di novembre 2021 ha annunciato la sua decisione di non ricandidarsi alle primarie per la segreteria regionale del Pd.<\/p>\n\n\n\n<p>Gianfranco Satta, all\u2019agricoltura - <\/p>\n\n\n\n<p>Nato a Nulvi nel 1972, Gianfranco Satta ha iniziato la carriera politica a Tergu, centro dell\u2019Anglona di cui \u00e8 stato sindaco per 15 anni. Perito agrario, si \u00e8 diplomato all\u2019Itc Pellegrini di Sassari, citt\u00e0 in cui risiede da molti anni. Eletto per la prima volta consigliere regionale nel 2019 con Campo progressista, nella scorsa legislatura ha fatto parte della commissione Programmazione e Bilancio e ha ricoperto il ruolo di vicepresidente della commissione Industria, commercio e artigianato. \u00c8 stato rieletto con i Progressisti.<\/p>\n\n\n\n<p>Antonio Piu ai\u00a0Lavori Pubblici\u00a0- <\/p>\n\n\n\n<p>Sassarese, 43 anni, laurea in Scienze politiche, Antonio Piu non \u00e8 certo un volto nuovo della politica. Consigliere regionale uscente seduto tra i banchi di Verdi e Sinistra (nell\u2019ultima legislatura \u00e8 stato anche questore del parlamentino dei sardi), ha cominciato il suo cursus honorum nel 2010 come consigliere comunale a Sassari, comune dove nel 2014 \u00e8 diventato assessore con delega ai Lavori pubblici e al Decoro urbano. Sempre a Sassari \u00e8 stato anche presidente del consiglio comunale.<\/p>\n\n\n\n<p>Franco Cuccureddu al Turismo - Nato a Sassari 58 anni fa, Franco Cuccureddu ha un profilo professionale che lo vede esperto in euro progettazione, pianificazione strategica, ed \u00e8 specializzato in bandi a valere su fondi comunitari, statali e regionali. Laurea in Giurisprudenza, tesserino da giornalista pubblicista, per quanto riguarda la carriera politica \u00e8 stato sindaco di Castelsardo (dove risiede) tra il 2000 e il 2010 e poi per un terzo mandato anche tra il 2014 e il 2019. \u00c8 inoltre presidente della Rete dei porti Sardegna.<\/p>\n\n\n\n<p>Rosanna Laconi alla Difesa dell\u2019Ambiente - <\/p>\n\n\n\n<p>Dirigente medica al Policlinico di Monserrato ed ex sindaca di Dolianova, Rosanna Laconi compir\u00e0 67 anni a settembre. Nuova assessora all\u2019Ambiente, ha ricoperto lo stesso incarico a Dolianova. Molto ricco il suo curriculum professionale: dal 2007 \u00e8 direttore di struttura Complessa, dopo essere stata responsabile di Coordinamento del triage intraospedaliero\u201d al Pronto soccorso dell\u2019Ospedale San Giovanni di Dio. Per tre anni \u00e8 stata anche al timone del servizio di elisoccorso e della formazione del personale della centrale operativa 118 di Cagliari.<\/p>\n\n\n\n<p>Ilaria Portas alla\u00a0Cultura\u00a0e\u00a0Istruzione\u00a0- <\/p>\n\n\n\n<p>Funzionaria della Regione, gi\u00e0 capo di gabinetto dell\u2019assessorato alla Cultura di cui ora \u00e8 diventata titolare, Ilaria Portas, 42 anni, laureata in Economia e Commercio, \u00e8 stata in passato vicesindaca di Masainas, nel Basso Sulcis, dove attualmente ricopre il suolo di consigliera comunale. Ilaria Portas si \u00e8 candidata alle Regionali del 2024 nella lista Sinistra Futura per Alessandra Todde. \u00c8 sposata e mamma di due bambine. Nel 2019 si era candidata alle elezioni regionali a sostegno di Massimo Zedda.<\/p>\n\n\n\n<p>Marielena Motzo la delega agli\u00a0Affari Generali - <\/p>\n\n\n\n<p>Nuorese, classe 1978, Mariaelena Motzo si \u00e8 laureata a Sassari in Economia e Commercio (indirizzo Economia aziendale) con una tesi dal titolo \u201cPianificazione strategica e operativa nell\u2019Ente Locale. Un\u2019indagine empirica: il Comune di Nuoro\u201d. Attualmente \u00e8 assessora al Bilancio, Pubblica istruzione e Attivit\u00e0 produttive del Comune di Bolotana, dove ha ricoperto svariati incarichi anche in passato. Dal 2020 ha ricoperto le funzioni di quadro preposto a un settore organizzativo complesso presso il Consorzio di bonifica della Sardegna centrale. Com<\/p>\n","protected":false},"excerpt":{"rendered":"<p>Cagliari, 9 Apr 2024 &#8211; Armando Bartolazzi specializzato in\u00a0patologia, sottosegretario con conte, chiamato a sistemare la\u00a0sanit\u00e0. Romano, 63 anni, si \u00e8 laureato in Medicina e&#8230;<\/p>\n","protected":false},"author":2,"featured_media":246758,"comment_status":"closed","ping_status":"open","sticky":false,"template":"","format":"standard","meta":[],"categories":[49,52],"tags":[],"_links":{"self":[{"href":"https:\/\/www.cronacaonline.it\/index.php\/wp-json\/wp\/v2\/posts\/246756"}],"collection":[{"href":"https:\/\/www.cronacaonline.it\/index.php\/wp-json\/wp\/v2\/posts"}],"about":[{"href":"https:\/\/www.cronacaonline.it\/index.php\/wp-json\/wp\/v2\/types\/post"}],"author":[{"embeddable":true,"href":"https:\/\/www.cronacaonline.it\/index.php\/wp-json\/wp\/v2\/users\/2"}],"replies":[{"embeddable":true,"href":"https:\/\/www.cronacaonline.it\/index.php\/wp-json\/wp\/v2\/comments?post=246756"}],"version-history":[{"count":1,"href":"https:\/\/www.cronacaonline.it\/index.php\/wp-json\/wp\/v2\/posts\/246756\/revisions"}],"predecessor-version":[{"id":246757,"href":"https:\/\/www.cronacaonline.it\/index.php\/wp-json\/wp\/v2\/posts\/246756\/revisions\/246757"}],"wp:featuredmedia":[{"embeddable":true,"href":"https:\/\/www.cronacaonline.it\/index.php\/wp-json\/wp\/v2\/media\/246758"}],"wp:attachment":[{"href":"https:\/\/www.cronacaonline.it\/index.php\/wp-json\/wp\/v2\/media?parent=246756"}],"wp:term":[{"taxonomy":"category","embeddable":true,"href":"https:\/\/www.cronacaonline.it\/index.php\/wp-json\/wp\/v2\/categories?post=246756"},{"taxonomy":"post_tag","embeddable":true,"href":"https:\/\/www.cronacaonline.it\/index.php\/wp-json\/wp\/v2\/tags?post=246756"}],"curies":[{"name":"wp","href":"https:\/\/api.w.org\/{rel}","templated":true}]}}