{"id":246754,"date":"2024-04-09T11:21:37","date_gmt":"2024-04-09T09:21:37","guid":{"rendered":"https:\/\/www.cronacaonline.it\/?p=246754"},"modified":"2024-04-09T11:21:40","modified_gmt":"2024-04-09T09:21:40","slug":"prima-seduta-del-nuovo-consiglio-regionale-della-sardegna-discorso-del-presidente-del-consiglio-provvisorio","status":"publish","type":"post","link":"https:\/\/www.cronacaonline.it\/index.php\/2024\/04\/09\/prima-seduta-del-nuovo-consiglio-regionale-della-sardegna-discorso-del-presidente-del-consiglio-provvisorio\/","title":{"rendered":"Prima seduta del nuovo Consiglio Regionale della Sardegna: discorso del Presidente del Consiglio provvisorio."},"content":{"rendered":"\n<p>Cagliari, 9 Apr 2024 \u2013 Dopo il giuramento dei consiglieri regionali e la presentazione della nuova Giunta guidata da Alessandra Todde, Presidente del Consiglio provvisorio ha detto: il Presidente della Regione, signore e signori membri della Giunta regionale, onorevoli signore e onorevoli signori Consiglieri regionali, \u00e8 grazie alla mia et\u00e0, ma solo per cinquanta giorni di differenza all\u2019anagrafe con il collega Giuseppino Canu, che ho il grande onore di dare avvio alla diciassettesima legislatura dell'Autonomia sarda che vede per la prima volta una donna eletta come Presidente della nostra Regione.<\/p>\n\n\n\n<p>Presidente Todde, nel congratularmi la saluto e Le auguro che il Suo mandato porti a un futuro di buon governo e prosperit\u00e0 per la nostra Regione.<\/p>\n\n\n\n<p>Come consuetudine, - ha aggiunto - da consigliere pi\u00f9 anziano, prima delle elezioni del nuovo Presidente del Consiglio regionale, \u00e8 mio compito pronunciare questo discorso intriso di doverosi saluti e di auspicabili indirizzi da seguire nel corso della prossima legislatura.<\/p>\n\n\n\n<p>Porgo i miei auguri di proficuo lavoro ai nuovi consiglieri regionali e un saluto affettuoso ai colleghi che ho gi\u00e0 avuto modo di conoscere nella quattordicesima e quindicesima legislatura. Porgo i miei saluti agli assessori regionali e alle autorit\u00e0 presenti.<\/p>\n\n\n\n<p>Auspico innanzitutto una reciproca e costante collaborazione tra la Giunta regionale e questa Assemblea, con proficue interlocuzioni finalizzate a realizzare le risposte legislative necessarie per soddisfare le aspettative dei sardi e per sconfiggere cos\u00ec le diffidenze dei tanti cittadini che non vanno pi\u00f9 a votare.<\/p>\n\n\n\n<p>Ai sardi dobbiamo ridare la fiducia, - continua il presidente - un senso e un valore al diritto costituzionale di manifestare la propria volont\u00e0 durante le elezioni, esprimendo il proprio voto.<\/p>\n\n\n\n<p>Dobbiamo dimostrare che questa Assemblea \u00e8 la casa della democrazia e della partecipazione.<\/p>\n\n\n\n<p>In campagna elettorale abbiamo promesso che ci saremmo occupati di risolvere le crisi che affliggono la nostra regione, ora, per farlo, dobbiamo aprire le porte del palazzo ma soprattutto aprire le orecchie per saper ascoltare i reali bisogni e per poter costruire dopo, con razionalit\u00e0, le leggi necessarie.<\/p>\n\n\n\n<p>Umanizzare quindi l\u2019azione del governo, ponendo la persona e i suoi intangibili valori al centro dell\u2019assolvimento della funzione pubblica, costituir\u00e0 un primo valido segnale del ritorno della politica vicina e attenta alle esigenze dei cittadini.<\/p>\n\n\n\n<p>Noi, da questa casa, - aggiunge - dobbiamo pensare a tutti i Sardi, a quelli residenti nell\u2019isola e a quelli che vivono fuori dai confini regionali, in Italia, in Europa e nel resto del mondo.<\/p>\n\n\n\n<p>In un momento storico drammatico dove, in diverse aree della terra, si \u00e8 divisi e lacerati da guerre e conflitti, noi dobbiamo trasmettere i valori autentici della sardit\u00e0 che vogliono un popolo unito nel perseguire un solo fine: la pace tra i popoli.<\/p>\n\n\n\n<p>\u00c8 questa la politica che auspico, fatta di un confronto leale e propositivo tra le parti che hanno a cuore il solo fine del bene collettivo.<\/p>\n\n\n\n<p>I Sardi attendono, Presidente, una amministrazione regionale che, custodendo e rivendicando la sua specialit\u00e0, sappia affrontare con coraggio i problemi e le aspettative della Sardegna, anche sotto il profilo giuridico e che s\u2019impegni per trasformare la condizione attualmente sfavorevole dell\u2019insularit\u00e0 in una risorsa di positiva opportunit\u00e0.<\/p>\n\n\n\n<p>Inoltre l\u2019attuale maggioranza di governo regionale, visto il dramma economico e sociale che attanaglia l\u2019isola, deve promuovere azioni tese a cementare la necessaria coesione tra le persone, i territori e le istituzioni, privilegiando la ricerca del bene comune, a partire dall\u2019attenzione per chi soffre maggiormente.<\/p>\n\n\n\n<p>Occorre dare fiducia ai nostri giovani.<\/p>\n\n\n\n<p>Hanno tante doti e capacit\u00e0 che noi adulti, purtroppo, non sappiamo riconoscere e valorizzare.<\/p>\n\n\n\n<p>Non dobbiamo considerarli come soggetti passivi, ma veri protagonisti della propria crescita in un autentico rapporto educativo: sono loro il nostro futuro.<\/p>\n\n\n\n<p>Preoccupa la crescente realt\u00e0 della nuova emigrazione, in particolare quella giovanile.<\/p>\n\n\n\n<p>Ne deriva inevitabilmente \u2013 continua il presidente provvisorio del Consiglio Sardegna - un calo di presenze attive nell\u2019organizzazione del lavoro e l\u2019impoverimento, non solo demografico, dell\u2019isola, soprattutto delle zone interne.<\/p>\n\n\n\n<p>\u00c8 comunque importante considerare che, se da un lato l\u2019emigrazione \u00e8 conseguenza di una realt\u00e0 sociale incapace di valorizzare le potenzialit\u00e0 dei giovani, dall\u2019altra parte non \u00e8 corretto scoraggiare, a priori, una fisiologica mobilit\u00e0 per studio e opportunit\u00e0 di carriera, perch\u00e9 si tratta di scelte fatte in piena libert\u00e0.<\/p>\n\n\n\n<p>\u00c8 urgente avviare da subito un confronto con il Governo nazionale sui temi dell\u2019Autonomia differenziata e sul principio d\u2019insularit\u00e0.<\/p>\n\n\n\n<p>Sono questioni troppo importanti che rischiano di penalizzare ulteriormente il divario economico, gi\u00e0 pesante, tra la nostra regione e il resto del Paese.<\/p>\n\n\n\n<p>Con l'Unione europea dobbiamo riprendere le storiche battaglie autonomistiche.<\/p>\n\n\n\n<p>Grandi sono le sfide che ci attendono: sanit\u00e0, \u00e8 assurdo assistere alla carenza di medici di base in tutte le zone interne della Sardegna, agli ospedali del territorio abbandonati, a liste di attesa infinite, a pazienti costretti ad emigrare per curarsi; lavoro, in tutti settori della vita amministrativa, compreso quello sanitario, bisogna dare risposta al fabbisogno di personale, attraverso lo scorrimento delle graduatorie e l'indizione di nuovi concorsi;&nbsp; agricoltura e pastorizia, dobbiamo ascoltare e risolvere i problemi di questo comparto vitale per la nostra economia. Un popolo, quello delle campagne, che negli ultimi anni ha dovuto attuare forme di protesta estreme per rivendicare e farsi riconoscere l\u2019essenziale per continuare a lavorare e a produrre. Un comparto, quello agro pastorale, che sar\u00e0 il primo a scontare le conseguenze nefaste di una stagione estiva che si presenta, secondo le previsioni, con temperature altissime, poca acqua e con la mannaia distruttiva delle cavallette e degli incendi; trasporti, oggi \u00e8 impossibile muoversi da e per la Sardegna e anche dentro la nostra regione treni e strade non garantiscono tempi e sicurezza nella mobilit\u00e0; ambiente, va rafforzata la sua tutela attraverso la riorganizzazione e il potenziamento delle strutture preposte alla salvaguardia ambientale come il Corpo Forestale regionale, l\u2019Agenzia Forestas e la Protezione Civile; energia, va promosso lo sviluppo delle fonti di energia alternativa&nbsp; contemperando le esigenze di&nbsp; tutela del paesaggio e del territorio, ma soprattutto \u00e8 indispensabile il coinvolgimento delle comunit\u00e0 locali destinatarie della localizzazione degli impianti; turismo, dobbiamo pensare alla promozione moderna dell\u2019offerta turistica puntando sulla valorizzazione del nostro patrimonio naturale culturale e storico che devono diventare veri attrattori multi stagionali.<\/p>\n\n\n\n<p>Questo \u2013 conclude Cozzolino - \u00e8 il compito che ci attende, e per quanto difficile possa apparire, a esso dobbiamo dedicarci con tutte le nostre forze per creare fiducia nel domani e nei giovani e offrire migliori condizioni per una serena e pacifica convivenza del nostro popolo. Com<\/p>\n","protected":false},"excerpt":{"rendered":"<p>Cagliari, 9 Apr 2024 \u2013 Dopo il giuramento dei consiglieri regionali e la presentazione della nuova Giunta guidata da Alessandra Todde, Presidente del Consiglio provvisorio&#8230;<\/p>\n","protected":false},"author":2,"featured_media":239834,"comment_status":"closed","ping_status":"open","sticky":false,"template":"","format":"standard","meta":[],"categories":[49,52],"tags":[],"_links":{"self":[{"href":"https:\/\/www.cronacaonline.it\/index.php\/wp-json\/wp\/v2\/posts\/246754"}],"collection":[{"href":"https:\/\/www.cronacaonline.it\/index.php\/wp-json\/wp\/v2\/posts"}],"about":[{"href":"https:\/\/www.cronacaonline.it\/index.php\/wp-json\/wp\/v2\/types\/post"}],"author":[{"embeddable":true,"href":"https:\/\/www.cronacaonline.it\/index.php\/wp-json\/wp\/v2\/users\/2"}],"replies":[{"embeddable":true,"href":"https:\/\/www.cronacaonline.it\/index.php\/wp-json\/wp\/v2\/comments?post=246754"}],"version-history":[{"count":1,"href":"https:\/\/www.cronacaonline.it\/index.php\/wp-json\/wp\/v2\/posts\/246754\/revisions"}],"predecessor-version":[{"id":246755,"href":"https:\/\/www.cronacaonline.it\/index.php\/wp-json\/wp\/v2\/posts\/246754\/revisions\/246755"}],"wp:featuredmedia":[{"embeddable":true,"href":"https:\/\/www.cronacaonline.it\/index.php\/wp-json\/wp\/v2\/media\/239834"}],"wp:attachment":[{"href":"https:\/\/www.cronacaonline.it\/index.php\/wp-json\/wp\/v2\/media?parent=246754"}],"wp:term":[{"taxonomy":"category","embeddable":true,"href":"https:\/\/www.cronacaonline.it\/index.php\/wp-json\/wp\/v2\/categories?post=246754"},{"taxonomy":"post_tag","embeddable":true,"href":"https:\/\/www.cronacaonline.it\/index.php\/wp-json\/wp\/v2\/tags?post=246754"}],"curies":[{"name":"wp","href":"https:\/\/api.w.org\/{rel}","templated":true}]}}