{"id":246625,"date":"2024-04-03T20:29:13","date_gmt":"2024-04-03T18:29:13","guid":{"rendered":"https:\/\/www.cronacaonline.it\/?p=246625"},"modified":"2024-04-03T20:29:15","modified_gmt":"2024-04-03T18:29:15","slug":"sara-alessandra-zedda-candidata-sindaca-di-cagliari-del-centro-destra","status":"publish","type":"post","link":"https:\/\/www.cronacaonline.it\/index.php\/2024\/04\/03\/sara-alessandra-zedda-candidata-sindaca-di-cagliari-del-centro-destra\/","title":{"rendered":"Sar\u00e0 Alessandra Zedda candidata sindaca di Cagliari del centro-destra."},"content":{"rendered":"\n<p>Cagliari, 3 Apr 2024 - Sar\u00e0 Alessandra Zedda la candidata alla carica di sindaco di Cagliari per il centrodestra. La decisione \u00e8 stata ufficializzata questo pomeriggio durante la riunione appena conclusa all\u2019hotel Regina Margherita di Cagliari.\u00a0\u00a0<\/p>\n\n\n\n<p>Laureata in Economia e Commercio, Alessandra Zedda, oggi esponente di spicco della Lega, ha iniziato il suo percorso istituzionale dalla Circoscrizione, per poi proseguire come assessore comunale e regionale.&nbsp;<\/p>\n\n\n\n<p>Trovata l\u2019unit\u00e0 sul nome, la coalizione \u00e8 gi\u00e0 al lavoro sul programma e al rilancio dell\u2019idea di Cagliari capitale europea e mediterranea, con la valorizzazione del lungomare, del sistema dei colli, la prosecuzione delle opere per il rilancio del centro storico e per la ricucitura delle periferie.&nbsp;<\/p>\n\n\n\n<p>&nbsp;\u201cSono onorata e grata per questa indicazione - ha dichiarato Alessandra Zedda - e pronta a fare tesoro del valore dell\u2019unit\u00e0. Con questo spirito - ha concluso - sono gi\u00e0 pronta a riabbracciare i sardisti per ricominciare a lavorare&nbsp;insieme\u201d. Com<\/p>\n","protected":false},"excerpt":{"rendered":"<p>Cagliari, 3 Apr 2024 &#8211; Sar\u00e0 Alessandra Zedda la candidata alla carica di sindaco di Cagliari per il centrodestra. La decisione \u00e8 stata ufficializzata questo&#8230;<\/p>\n","protected":false},"author":2,"featured_media":192439,"comment_status":"closed","ping_status":"open","sticky":false,"template":"","format":"standard","meta":[],"categories":[49,52],"tags":[],"_links":{"self":[{"href":"https:\/\/www.cronacaonline.it\/index.php\/wp-json\/wp\/v2\/posts\/246625"}],"collection":[{"href":"https:\/\/www.cronacaonline.it\/index.php\/wp-json\/wp\/v2\/posts"}],"about":[{"href":"https:\/\/www.cronacaonline.it\/index.php\/wp-json\/wp\/v2\/types\/post"}],"author":[{"embeddable":true,"href":"https:\/\/www.cronacaonline.it\/index.php\/wp-json\/wp\/v2\/users\/2"}],"replies":[{"embeddable":true,"href":"https:\/\/www.cronacaonline.it\/index.php\/wp-json\/wp\/v2\/comments?post=246625"}],"version-history":[{"count":1,"href":"https:\/\/www.cronacaonline.it\/index.php\/wp-json\/wp\/v2\/posts\/246625\/revisions"}],"predecessor-version":[{"id":246626,"href":"https:\/\/www.cronacaonline.it\/index.php\/wp-json\/wp\/v2\/posts\/246625\/revisions\/246626"}],"wp:featuredmedia":[{"embeddable":true,"href":"https:\/\/www.cronacaonline.it\/index.php\/wp-json\/wp\/v2\/media\/192439"}],"wp:attachment":[{"href":"https:\/\/www.cronacaonline.it\/index.php\/wp-json\/wp\/v2\/media?parent=246625"}],"wp:term":[{"taxonomy":"category","embeddable":true,"href":"https:\/\/www.cronacaonline.it\/index.php\/wp-json\/wp\/v2\/categories?post=246625"},{"taxonomy":"post_tag","embeddable":true,"href":"https:\/\/www.cronacaonline.it\/index.php\/wp-json\/wp\/v2\/tags?post=246625"}],"curies":[{"name":"wp","href":"https:\/\/api.w.org\/{rel}","templated":true}]}}